{"id":17328,"date":"2023-03-30T09:26:50","date_gmt":"2023-03-30T13:26:50","guid":{"rendered":"https:\/\/www.legroupemaurice.com\/?p=17328"},"modified":"2023-04-13T09:29:12","modified_gmt":"2023-04-13T13:29:12","slug":"iugm-foundation-gala-a-memorable-tribute-to-luc-maurice","status":"publish","type":"post","link":"https:\/\/www.legroupemaurice.com\/en\/articles\/iugm-foundation-gala-a-memorable-tribute-to-luc-maurice\/","title":{"rendered":"IUGM Foundation Gala: A memorable tribute to Luc Maurice"},"content":{"rendered":"<p><strong>The D\u00e9gustation-D\u00e9couvertes gala was held last Wednesday (March 22), organized by the Foundation of the Montreal University Geriatric Institute (IUGM). Although this event typically serves to raise funds for scientific research, this year also provided an opportunity to pay tribute to the contributions and unswerving commitment of its outgoing Board Chair, Luc Maurice. In this article, we look back on a wonderful and emotion-filled evening of philanthropy!<\/strong><\/p>\n<h2><\/h2>\n<h2>An emotion-filled evening<\/h2>\n<p><a href=\"https:\/\/www.figm.ca\/\">The IUGM Foundation<\/a> actively supports the Institute\u2019s development and scientific research across Canada. Each year, a range of \u201cbetter ageing\u201d projects are launched, thanks not only to donors\u2019 remarkable contributions, but also to the hard work of the Board members and the Chair.<\/p>\n<p>With over 400 guests in attendance, the gala collected more than $275,000 under the auspices of the Foundation\u2019s annual fundraising program. This crucial assistance will make it possible to contribute to research projects and initiatives designed to optimize seniors\u2019 quality of life\u2014goals that tie in with the Foundation\u2019s core mission.<\/p>\n<p>The event was also noteworthy for its <strong>magnificent<\/strong> <strong>tribute to Luc Maurice, who will be passing the torch to the new Chair after nearly 10 years!<\/strong> Since taking up his Board duties, Luc Maurice has harboured great ambitions for the IUGM Foundation. In addition to showing tireless support for ageing research, he took concrete steps to ensure that the Foundation has the resources it needs to carry out its work and activities aimed at improving seniors\u2019 living conditions and personal health. It bears repeating that the Foundation\u2019s values and mission are perfectly aligned with those of Le <a href=\"https:\/\/www.legroupemaurice.com\/en\/about-groupe-maurice\/\">Groupe Maurice<\/a>. Indeed, the strength of their partnership quickly became evident.<\/p>\n<p>As Luc Maurice makes way for Jean-Fran\u00e7ois Rioux after nearly a decade of loyal service, the Foundation would like to thank him for his commitment to, and his positive impact on, IUGM and the cause of seniors. Board members, business partners, family members and Le Groupe Maurice employees and residents all attended the gala as a token of their affection and gratitude.<\/p>\n<p>&nbsp;<\/p>\n<h2>High-impact initiatives<\/h2>\n<p>In keeping with his philosophy, Luc Maurice gave 100% throughout his tenure as Chair as he sought to raise awareness among his private and professional acquaintances alike. Since he took up his duties as Chair, $647,331\u00a0in donations were made via his own foundation, along with approximately $813,500 from Le Groupe Maurice itself.<\/p>\n<p>In 2012, Luc Maurice successfully raised $600,000 for the construction of an amphitheatre at the Institute to facilitate the holding of larger-scale gatherings. All told, over <strong>$2,060,800<\/strong> was raised while he served as Chair!<\/p>\n<p>And these generous contributions don\u2019t stop there! Seeking to improve seniors\u2019 health and to promote their status and socialization, Luc Maurice raised awareness further still by bringing together COGIR, Chartwell and Le Groupe Maurice in 2015\/2016 to organize Part\u00c2ge, a large-scale networking event at which the main actors in Quebec\u2019s senior housing sector share their expertise. All proceeds go to <a href=\"http:\/\/centreavantage.ca\/\">Centre Avant\u00c2ge<\/a>, which publishes the results of IUGM\u2019s most recent scientific research.<\/p>\n<p>&nbsp;<\/p>\n<h2>Future-focused projects<\/h2>\n<p>While Luc Maurice may be leaving his position as Chair, his dearest wish is that the IUGM Foundation will continue to promote its humanist goals in pursuit of excellence while advancing scientific research and thus enhancing seniors\u2019 well-being across Quebec.<\/p>\n<p>To be sure, seniors\u2019 quality of life has been improving. Still, it is important for us not to rest on our laurels or become complacent with the status quo. <strong>Growing old is a privilege<\/strong> and Luc Maurice clearly intends to keep on fulfilling his mission. For instance, he plans to begin building 1,000 social housing units for low-income seniors by 2025 with a view to providing an affordable and comfortable living environment for the elderly, who all too often suffer from social isolation and depression.<\/p>\n<p>If you would also like to support organizations working with seniors, please be sure to visit the website of the IUGM Foundation or the <a href=\"https:\/\/fondationlucmaurice.org\/en\/\">Luc Maurice Foundation<\/a>. We would like to take this opportunity to personally thank Luc Maurice for his invaluable involvement and unswerving commitment. You inspire us each and every day and we hope you will continue to do so for many years to come!<\/p>\n<p>&nbsp;<\/p>\n<p><strong>Without any further ado, here is the video paying tribute to Luc Maurice: <\/strong><\/p>\n<p><iframe loading=\"lazy\" title=\"IUGM - Hommage \u00e0 Luc Maurice\" width=\"500\" height=\"281\" src=\"https:\/\/www.youtube.com\/embed\/uUAG2sTY20M?feature=oembed\" frameborder=\"0\" allow=\"accelerometer; autoplay; clipboard-write; encrypted-media; gyroscope; picture-in-picture; web-share\" referrerpolicy=\"strict-origin-when-cross-origin\" allowfullscreen><\/iframe><\/p>\n<p><strong>Photo Credit: Zabellphoto inc.<\/strong><\/p>\n","protected":false},"excerpt":{"rendered":"<p>The D\u00e9gustation-D\u00e9couvertes gala was held last Wednesday (March 22), organized by the Foundation of the Montreal University Geriatric Institute (IUGM)&#8230;.<\/p>\n","protected":false},"author":2,"featured_media":17324,"comment_status":"open","ping_status":"open","sticky":false,"template":"","format":"standard","meta":{"_acf_changed":false,"inline_featured_image":false,"footnotes":""},"categories":[60],"tags":[236,318,319],"class_list":["post-17328","post","type-post","status-publish","format-standard","has-post-thumbnail","hentry","category-actualities","tag-luc-maurice","tag-tribute","tag-fiugm-en"],"acf":[],"yoast_head":"<!-- This site is optimized with the Yoast SEO Premium plugin v27.4 (Yoast SEO v27.4) - https:\/\/yoast.com\/product\/yoast-seo-premium-wordpress\/ -->\n<title>IUGM Foundation Gala: A memorable tribute to Luc Maurice | Le Groupe Maurice<\/title>\n<meta name=\"description\" content=\"The IUGM Foundation took advantage of the great Tasting-Discoveries evening to pay tribute to Luc Maurice. Congratulations!\" \/>\n<meta name=\"robots\" content=\"index, follow, max-snippet:-1, max-image-preview:large, max-video-preview:-1\" \/>\n<link rel=\"canonical\" href=\"https:\/\/www.legroupemaurice.com\/en\/articles\/iugm-foundation-gala-a-memorable-tribute-to-luc-maurice\/\" \/>\n<meta property=\"og:locale\" content=\"en_US\" \/>\n<meta property=\"og:type\" content=\"article\" \/>\n<meta property=\"og:title\" content=\"IUGM Foundation Gala: A memorable tribute to Luc Maurice\" \/>\n<meta property=\"og:description\" content=\"The IUGM Foundation took advantage of the great Tasting-Discoveries evening to pay tribute to Luc Maurice. Congratulations!\" \/>\n<meta property=\"og:url\" content=\"https:\/\/www.legroupemaurice.com\/en\/articles\/iugm-foundation-gala-a-memorable-tribute-to-luc-maurice\/\" \/>\n<meta property=\"og:site_name\" content=\"Le Groupe Maurice\" \/>\n<meta property=\"article:publisher\" content=\"https:\/\/www.facebook.com\/legroupemaurice\/\" \/>\n<meta property=\"article:published_time\" content=\"2023-03-30T13:26:50+00:00\" \/>\n<meta property=\"article:modified_time\" content=\"2023-04-13T13:29:12+00:00\" \/>\n<meta property=\"og:image\" content=\"https:\/\/groupemaurice.tor1.digitaloceanspaces.com\/app\/uploads\/2023\/04\/Hommage_LucMaurice_890x495.png\" \/>\n\t<meta property=\"og:image:width\" content=\"890\" \/>\n\t<meta property=\"og:image:height\" content=\"494\" \/>\n\t<meta property=\"og:image:type\" content=\"image\/png\" \/>\n<meta name=\"author\" content=\"Annabel Sanz\" \/>\n<meta name=\"twitter:card\" content=\"summary_large_image\" \/>\n<meta name=\"twitter:label1\" content=\"Written by\" \/>\n\t<meta name=\"twitter:data1\" content=\"Annabel Sanz\" \/>\n\t<meta name=\"twitter:label2\" content=\"Est. reading time\" \/>\n\t<meta name=\"twitter:data2\" content=\"4 minutes\" \/>\n<script type=\"application\/ld+json\" class=\"yoast-schema-graph\">{\"@context\":\"https:\\\/\\\/schema.org\",\"@graph\":[{\"@type\":\"Article\",\"@id\":\"https:\\\/\\\/www.legroupemaurice.com\\\/en\\\/articles\\\/iugm-foundation-gala-a-memorable-tribute-to-luc-maurice\\\/#article\",\"isPartOf\":{\"@id\":\"https:\\\/\\\/www.legroupemaurice.com\\\/en\\\/articles\\\/iugm-foundation-gala-a-memorable-tribute-to-luc-maurice\\\/\"},\"author\":{\"name\":\"Annabel Sanz\",\"@id\":\"https:\\\/\\\/www.legroupemaurice.com\\\/en\\\/#\\\/schema\\\/person\\\/ca0a9660a44a52c8165b61f1300babd8\"},\"headline\":\"IUGM Foundation Gala: A memorable tribute to Luc Maurice\",\"datePublished\":\"2023-03-30T13:26:50+00:00\",\"dateModified\":\"2023-04-13T13:29:12+00:00\",\"mainEntityOfPage\":{\"@id\":\"https:\\\/\\\/www.legroupemaurice.com\\\/en\\\/articles\\\/iugm-foundation-gala-a-memorable-tribute-to-luc-maurice\\\/\"},\"wordCount\":723,\"commentCount\":0,\"image\":{\"@id\":\"https:\\\/\\\/www.legroupemaurice.com\\\/en\\\/articles\\\/iugm-foundation-gala-a-memorable-tribute-to-luc-maurice\\\/#primaryimage\"},\"thumbnailUrl\":\"https:\\\/\\\/groupemaurice.tor1.digitaloceanspaces.com\\\/app\\\/uploads\\\/2023\\\/04\\\/Hommage_LucMaurice_890x495.png\",\"keywords\":[\"Luc Maurice\",\"Tribute\",\"FIUGM\"],\"articleSection\":[\"Actualities\"],\"inLanguage\":\"en-CA\",\"potentialAction\":[{\"@type\":\"CommentAction\",\"name\":\"Comment\",\"target\":[\"https:\\\/\\\/www.legroupemaurice.com\\\/en\\\/articles\\\/iugm-foundation-gala-a-memorable-tribute-to-luc-maurice\\\/#respond\"]}]},{\"@type\":\"WebPage\",\"@id\":\"https:\\\/\\\/www.legroupemaurice.com\\\/en\\\/articles\\\/iugm-foundation-gala-a-memorable-tribute-to-luc-maurice\\\/\",\"url\":\"https:\\\/\\\/www.legroupemaurice.com\\\/en\\\/articles\\\/iugm-foundation-gala-a-memorable-tribute-to-luc-maurice\\\/\",\"name\":\"IUGM Foundation Gala: A memorable tribute to Luc Maurice | Le Groupe Maurice\",\"isPartOf\":{\"@id\":\"https:\\\/\\\/www.legroupemaurice.com\\\/en\\\/#website\"},\"primaryImageOfPage\":{\"@id\":\"https:\\\/\\\/www.legroupemaurice.com\\\/en\\\/articles\\\/iugm-foundation-gala-a-memorable-tribute-to-luc-maurice\\\/#primaryimage\"},\"image\":{\"@id\":\"https:\\\/\\\/www.legroupemaurice.com\\\/en\\\/articles\\\/iugm-foundation-gala-a-memorable-tribute-to-luc-maurice\\\/#primaryimage\"},\"thumbnailUrl\":\"https:\\\/\\\/groupemaurice.tor1.digitaloceanspaces.com\\\/app\\\/uploads\\\/2023\\\/04\\\/Hommage_LucMaurice_890x495.png\",\"datePublished\":\"2023-03-30T13:26:50+00:00\",\"dateModified\":\"2023-04-13T13:29:12+00:00\",\"author\":{\"@id\":\"https:\\\/\\\/www.legroupemaurice.com\\\/en\\\/#\\\/schema\\\/person\\\/ca0a9660a44a52c8165b61f1300babd8\"},\"description\":\"The IUGM Foundation took advantage of the great Tasting-Discoveries evening to pay tribute to Luc Maurice. Congratulations!\",\"breadcrumb\":{\"@id\":\"https:\\\/\\\/www.legroupemaurice.com\\\/en\\\/articles\\\/iugm-foundation-gala-a-memorable-tribute-to-luc-maurice\\\/#breadcrumb\"},\"inLanguage\":\"en-CA\",\"potentialAction\":[{\"@type\":\"ReadAction\",\"target\":[\"https:\\\/\\\/www.legroupemaurice.com\\\/en\\\/articles\\\/iugm-foundation-gala-a-memorable-tribute-to-luc-maurice\\\/\"]}]},{\"@type\":\"ImageObject\",\"inLanguage\":\"en-CA\",\"@id\":\"https:\\\/\\\/www.legroupemaurice.com\\\/en\\\/articles\\\/iugm-foundation-gala-a-memorable-tribute-to-luc-maurice\\\/#primaryimage\",\"url\":\"https:\\\/\\\/groupemaurice.tor1.digitaloceanspaces.com\\\/app\\\/uploads\\\/2023\\\/04\\\/Hommage_LucMaurice_890x495.png\",\"contentUrl\":\"https:\\\/\\\/groupemaurice.tor1.digitaloceanspaces.com\\\/app\\\/uploads\\\/2023\\\/04\\\/Hommage_LucMaurice_890x495.png\",\"width\":890,\"height\":494,\"caption\":\"Soir\u00e9e de la Fondation de l'IUGM : un hommage m\u00e9morable \u00e0 Luc Maurice - Le Groupe Maurice - R\u00e9sidences pour personnes \u00e2g\u00e9es\"},{\"@type\":\"BreadcrumbList\",\"@id\":\"https:\\\/\\\/www.legroupemaurice.com\\\/en\\\/articles\\\/iugm-foundation-gala-a-memorable-tribute-to-luc-maurice\\\/#breadcrumb\",\"itemListElement\":[{\"@type\":\"ListItem\",\"position\":1,\"name\":\"Home\",\"item\":\"https:\\\/\\\/www.legroupemaurice.com\\\/en\\\/\"},{\"@type\":\"ListItem\",\"position\":2,\"name\":\"IUGM Foundation Gala: A memorable tribute to Luc Maurice\"}]},{\"@type\":\"WebSite\",\"@id\":\"https:\\\/\\\/www.legroupemaurice.com\\\/en\\\/#website\",\"url\":\"https:\\\/\\\/www.legroupemaurice.com\\\/en\\\/\",\"name\":\"Le Groupe Maurice\",\"description\":\"\",\"potentialAction\":[{\"@type\":\"SearchAction\",\"target\":{\"@type\":\"EntryPoint\",\"urlTemplate\":\"https:\\\/\\\/www.legroupemaurice.com\\\/en\\\/?s={search_term_string}\"},\"query-input\":{\"@type\":\"PropertyValueSpecification\",\"valueRequired\":true,\"valueName\":\"search_term_string\"}}],\"inLanguage\":\"en-CA\"},{\"@type\":\"Person\",\"@id\":\"https:\\\/\\\/www.legroupemaurice.com\\\/en\\\/#\\\/schema\\\/person\\\/ca0a9660a44a52c8165b61f1300babd8\",\"name\":\"Annabel Sanz\",\"image\":{\"@type\":\"ImageObject\",\"inLanguage\":\"en-CA\",\"@id\":\"https:\\\/\\\/secure.gravatar.com\\\/avatar\\\/f9db70a58befdee05e44020ef3472f793ff85149953a6b516665ee5186912539?s=96&d=mm&r=g\",\"url\":\"https:\\\/\\\/secure.gravatar.com\\\/avatar\\\/f9db70a58befdee05e44020ef3472f793ff85149953a6b516665ee5186912539?s=96&d=mm&r=g\",\"contentUrl\":\"https:\\\/\\\/secure.gravatar.com\\\/avatar\\\/f9db70a58befdee05e44020ef3472f793ff85149953a6b516665ee5186912539?s=96&d=mm&r=g\",\"caption\":\"Annabel Sanz\"},\"url\":\"https:\\\/\\\/www.legroupemaurice.com\\\/en\\\/articles\\\/author\\\/asanz\\\/\"}]}<\/script>\n<!-- \/ Yoast SEO Premium plugin. -->","yoast_head_json":{"title":"IUGM Foundation Gala: A memorable tribute to Luc Maurice | Le Groupe Maurice","description":"The IUGM Foundation took advantage of the great Tasting-Discoveries evening to pay tribute to Luc Maurice. Congratulations!","robots":{"index":"index","follow":"follow","max-snippet":"max-snippet:-1","max-image-preview":"max-image-preview:large","max-video-preview":"max-video-preview:-1"},"canonical":"https:\/\/www.legroupemaurice.com\/en\/articles\/iugm-foundation-gala-a-memorable-tribute-to-luc-maurice\/","og_locale":"en_US","og_type":"article","og_title":"IUGM Foundation Gala: A memorable tribute to Luc Maurice","og_description":"The IUGM Foundation took advantage of the great Tasting-Discoveries evening to pay tribute to Luc Maurice. Congratulations!","og_url":"https:\/\/www.legroupemaurice.com\/en\/articles\/iugm-foundation-gala-a-memorable-tribute-to-luc-maurice\/","og_site_name":"Le Groupe Maurice","article_publisher":"https:\/\/www.facebook.com\/legroupemaurice\/","article_published_time":"2023-03-30T13:26:50+00:00","article_modified_time":"2023-04-13T13:29:12+00:00","og_image":[{"width":890,"height":494,"url":"https:\/\/groupemaurice.tor1.digitaloceanspaces.com\/app\/uploads\/2023\/04\/Hommage_LucMaurice_890x495.png","type":"image\/png"}],"author":"Annabel Sanz","twitter_card":"summary_large_image","twitter_misc":{"Written by":"Annabel Sanz","Est. reading time":"4 minutes"},"schema":{"@context":"https:\/\/schema.org","@graph":[{"@type":"Article","@id":"https:\/\/www.legroupemaurice.com\/en\/articles\/iugm-foundation-gala-a-memorable-tribute-to-luc-maurice\/#article","isPartOf":{"@id":"https:\/\/www.legroupemaurice.com\/en\/articles\/iugm-foundation-gala-a-memorable-tribute-to-luc-maurice\/"},"author":{"name":"Annabel Sanz","@id":"https:\/\/www.legroupemaurice.com\/en\/#\/schema\/person\/ca0a9660a44a52c8165b61f1300babd8"},"headline":"IUGM Foundation Gala: A memorable tribute to Luc Maurice","datePublished":"2023-03-30T13:26:50+00:00","dateModified":"2023-04-13T13:29:12+00:00","mainEntityOfPage":{"@id":"https:\/\/www.legroupemaurice.com\/en\/articles\/iugm-foundation-gala-a-memorable-tribute-to-luc-maurice\/"},"wordCount":723,"commentCount":0,"image":{"@id":"https:\/\/www.legroupemaurice.com\/en\/articles\/iugm-foundation-gala-a-memorable-tribute-to-luc-maurice\/#primaryimage"},"thumbnailUrl":"https:\/\/groupemaurice.tor1.digitaloceanspaces.com\/app\/uploads\/2023\/04\/Hommage_LucMaurice_890x495.png","keywords":["Luc Maurice","Tribute","FIUGM"],"articleSection":["Actualities"],"inLanguage":"en-CA","potentialAction":[{"@type":"CommentAction","name":"Comment","target":["https:\/\/www.legroupemaurice.com\/en\/articles\/iugm-foundation-gala-a-memorable-tribute-to-luc-maurice\/#respond"]}]},{"@type":"WebPage","@id":"https:\/\/www.legroupemaurice.com\/en\/articles\/iugm-foundation-gala-a-memorable-tribute-to-luc-maurice\/","url":"https:\/\/www.legroupemaurice.com\/en\/articles\/iugm-foundation-gala-a-memorable-tribute-to-luc-maurice\/","name":"IUGM Foundation Gala: A memorable tribute to Luc Maurice | Le Groupe Maurice","isPartOf":{"@id":"https:\/\/www.legroupemaurice.com\/en\/#website"},"primaryImageOfPage":{"@id":"https:\/\/www.legroupemaurice.com\/en\/articles\/iugm-foundation-gala-a-memorable-tribute-to-luc-maurice\/#primaryimage"},"image":{"@id":"https:\/\/www.legroupemaurice.com\/en\/articles\/iugm-foundation-gala-a-memorable-tribute-to-luc-maurice\/#primaryimage"},"thumbnailUrl":"https:\/\/groupemaurice.tor1.digitaloceanspaces.com\/app\/uploads\/2023\/04\/Hommage_LucMaurice_890x495.png","datePublished":"2023-03-30T13:26:50+00:00","dateModified":"2023-04-13T13:29:12+00:00","author":{"@id":"https:\/\/www.legroupemaurice.com\/en\/#\/schema\/person\/ca0a9660a44a52c8165b61f1300babd8"},"description":"The IUGM Foundation took advantage of the great Tasting-Discoveries evening to pay tribute to Luc Maurice. Congratulations!","breadcrumb":{"@id":"https:\/\/www.legroupemaurice.com\/en\/articles\/iugm-foundation-gala-a-memorable-tribute-to-luc-maurice\/#breadcrumb"},"inLanguage":"en-CA","potentialAction":[{"@type":"ReadAction","target":["https:\/\/www.legroupemaurice.com\/en\/articles\/iugm-foundation-gala-a-memorable-tribute-to-luc-maurice\/"]}]},{"@type":"ImageObject","inLanguage":"en-CA","@id":"https:\/\/www.legroupemaurice.com\/en\/articles\/iugm-foundation-gala-a-memorable-tribute-to-luc-maurice\/#primaryimage","url":"https:\/\/groupemaurice.tor1.digitaloceanspaces.com\/app\/uploads\/2023\/04\/Hommage_LucMaurice_890x495.png","contentUrl":"https:\/\/groupemaurice.tor1.digitaloceanspaces.com\/app\/uploads\/2023\/04\/Hommage_LucMaurice_890x495.png","width":890,"height":494,"caption":"Soir\u00e9e de la Fondation de l'IUGM : un hommage m\u00e9morable \u00e0 Luc Maurice - Le Groupe Maurice - R\u00e9sidences pour personnes \u00e2g\u00e9es"},{"@type":"BreadcrumbList","@id":"https:\/\/www.legroupemaurice.com\/en\/articles\/iugm-foundation-gala-a-memorable-tribute-to-luc-maurice\/#breadcrumb","itemListElement":[{"@type":"ListItem","position":1,"name":"Home","item":"https:\/\/www.legroupemaurice.com\/en\/"},{"@type":"ListItem","position":2,"name":"IUGM Foundation Gala: A memorable tribute to Luc Maurice"}]},{"@type":"WebSite","@id":"https:\/\/www.legroupemaurice.com\/en\/#website","url":"https:\/\/www.legroupemaurice.com\/en\/","name":"Le Groupe Maurice","description":"","potentialAction":[{"@type":"SearchAction","target":{"@type":"EntryPoint","urlTemplate":"https:\/\/www.legroupemaurice.com\/en\/?s={search_term_string}"},"query-input":{"@type":"PropertyValueSpecification","valueRequired":true,"valueName":"search_term_string"}}],"inLanguage":"en-CA"},{"@type":"Person","@id":"https:\/\/www.legroupemaurice.com\/en\/#\/schema\/person\/ca0a9660a44a52c8165b61f1300babd8","name":"Annabel Sanz","image":{"@type":"ImageObject","inLanguage":"en-CA","@id":"https:\/\/secure.gravatar.com\/avatar\/f9db70a58befdee05e44020ef3472f793ff85149953a6b516665ee5186912539?s=96&d=mm&r=g","url":"https:\/\/secure.gravatar.com\/avatar\/f9db70a58befdee05e44020ef3472f793ff85149953a6b516665ee5186912539?s=96&d=mm&r=g","contentUrl":"https:\/\/secure.gravatar.com\/avatar\/f9db70a58befdee05e44020ef3472f793ff85149953a6b516665ee5186912539?s=96&d=mm&r=g","caption":"Annabel Sanz"},"url":"https:\/\/www.legroupemaurice.com\/en\/articles\/author\/asanz\/"}]}},"_links":{"self":[{"href":"https:\/\/www.legroupemaurice.com\/en\/wp-json\/wp\/v2\/posts\/17328","targetHints":{"allow":["GET"]}}],"collection":[{"href":"https:\/\/www.legroupemaurice.com\/en\/wp-json\/wp\/v2\/posts"}],"about":[{"href":"https:\/\/www.legroupemaurice.com\/en\/wp-json\/wp\/v2\/types\/post"}],"author":[{"embeddable":true,"href":"https:\/\/www.legroupemaurice.com\/en\/wp-json\/wp\/v2\/users\/2"}],"replies":[{"embeddable":true,"href":"https:\/\/www.legroupemaurice.com\/en\/wp-json\/wp\/v2\/comments?post=17328"}],"version-history":[{"count":1,"href":"https:\/\/www.legroupemaurice.com\/en\/wp-json\/wp\/v2\/posts\/17328\/revisions"}],"predecessor-version":[{"id":17329,"href":"https:\/\/www.legroupemaurice.com\/en\/wp-json\/wp\/v2\/posts\/17328\/revisions\/17329"}],"wp:featuredmedia":[{"embeddable":true,"href":"https:\/\/www.legroupemaurice.com\/en\/wp-json\/wp\/v2\/media\/17324"}],"wp:attachment":[{"href":"https:\/\/www.legroupemaurice.com\/en\/wp-json\/wp\/v2\/media?parent=17328"}],"wp:term":[{"taxonomy":"category","embeddable":true,"href":"https:\/\/www.legroupemaurice.com\/en\/wp-json\/wp\/v2\/categories?post=17328"},{"taxonomy":"post_tag","embeddable":true,"href":"https:\/\/www.legroupemaurice.com\/en\/wp-json\/wp\/v2\/tags?post=17328"}],"curies":[{"name":"wp","href":"https:\/\/api.w.org\/{rel}","templated":true}]}}