{"id":18106,"date":"2023-04-17T09:01:35","date_gmt":"2023-04-17T13:01:35","guid":{"rendered":"https:\/\/www.legroupemaurice.com\/?p=18106"},"modified":"2023-04-20T09:23:15","modified_gmt":"2023-04-20T13:23:15","slug":"national-volunteer-week-testimonials-that-inspire","status":"publish","type":"post","link":"https:\/\/www.legroupemaurice.com\/en\/articles\/national-volunteer-week-testimonials-that-inspire\/","title":{"rendered":"National Volunteer Week: Testimonials that inspire"},"content":{"rendered":"<p><strong>Volunteers undoubtedly represent a valuable asset to Quebec society. One act at a time, they make it fairer, more humane, and more inclusive. At Le Groupe Maurice, we take pride in the roughly 2,000 senior citizens who selflessly dedicate their time to volunteer in our various living environments. Their commitment and passion resonate throughout our residences and enrich the lives of everyone they touch. On the occasion of National Volunteer Week, we\u2019re sharing three inspiring stories with you. As you read them, you\u2019ll see just how much volunteering can contribute to the personal fulfillment and overall well-being of everyone.<\/strong><\/p>\n<p><strong>\u00a0<\/strong><\/p>\n<h2><strong><img loading=\"lazy\" decoding=\"async\" class=\"alignleft wp-image-18098 size-article-medium\" src=\"https:\/\/groupemaurice.tor1.digitaloceanspaces.com\/app\/uploads\/2023\/04\/Photo-Claudette-St-Laurent-Bura-321x450.jpg\" alt=\"\" width=\"321\" height=\"450\" srcset=\"https:\/\/groupemaurice.tor1.digitaloceanspaces.com\/app\/uploads\/2023\/04\/Photo-Claudette-St-Laurent-Bura-321x450.jpg 321w, https:\/\/groupemaurice.tor1.digitaloceanspaces.com\/app\/uploads\/2023\/04\/Photo-Claudette-St-Laurent-Bura-214x300.jpg 214w, https:\/\/groupemaurice.tor1.digitaloceanspaces.com\/app\/uploads\/2023\/04\/Photo-Claudette-St-Laurent-Bura-150x210.jpg 150w, https:\/\/groupemaurice.tor1.digitaloceanspaces.com\/app\/uploads\/2023\/04\/Photo-Claudette-St-Laurent-Bura-768x1075.jpg 768w, https:\/\/groupemaurice.tor1.digitaloceanspaces.com\/app\/uploads\/2023\/04\/Photo-Claudette-St-Laurent-Bura-643x900.jpg 643w, https:\/\/groupemaurice.tor1.digitaloceanspaces.com\/app\/uploads\/2023\/04\/Photo-Claudette-St-Laurent-Bura-161x225.jpg 161w, https:\/\/groupemaurice.tor1.digitaloceanspaces.com\/app\/uploads\/2023\/04\/Photo-Claudette-St-Laurent-Bura.jpg 1000w\" sizes=\"auto, (max-width: 321px) 100vw, 321px\" \/><\/strong>Claudette St-Laurent Bura, volunteer and resident at L&#8217;Initial<\/h2>\n<p><em><br \/>\n<\/em><em>Claudette St-Laurent Bura, a resident of <a href=\"https:\/\/www.legroupemaurice.com\/en\/residence\/linitial\/\">L\u2019INITIAL<\/a> in Outaouais, is about to turn 77 at the end of the month \u2013 but she\u2019s not slowing down. The former teacher has found a new outlet for her passion in volunteering, which allows her to continue to give back and help others.<\/em><\/p>\n<p><strong>\u00a0<\/strong><\/p>\n<p><strong>Madame St-Laurent Bura, how would you describe yourself?<\/strong><\/p>\n<p>Well, I consider myself a positive person, even in the face of adversity. I enjoy getting to know people for their unique qualities and differences. I also cherish persistence, kindness, and patience. The values of respect, empathy and honesty are what guide me in my daily life.<\/p>\n<p><strong>What type of volunteer work do you do at L\u2019INITIAL?<\/strong><\/p>\n<p>My volunteering mainly involves decoration for holiday events and monthly dinners, which often have themes. For example, the last one we had was a crazy hat theme, and the next one is going to be Hawaii. I\u2019m already prepared; I\u2019ve bought flower lei necklaces for myself and my friends (laughs). I find the decorations committee truly fun and stimulating!<\/p>\n<p><strong>Are you involved in other aspects of the residence?<\/strong><\/p>\n<p>Yes. There\u2019s an activity that takes place on the first Saturday of every month. It\u2019s called <em>On jase-tu?<\/em>, and the goal is to fight social isolation by examining various issues. I co-host the discussions with another woman, and I find it really fulfilling. I\u2019m also interested in joining the Residents\u2019 Committee, which we are steadily preparing for. I believe in the power of mutual support and although I am still independent, I think we need to care more about people who are less so.<\/p>\n<p><strong>Did you do volunteer work before you came to L\u2019INITIAL? <\/strong><\/p>\n<p>When I retired in 2011, I participated in the <em>Grandparents that Listen<\/em> program. Once a week, I went to a school and spent an hour with two or three students reading, working on grammar and so forth. I also volunteered with the <em>Filles de la Sagesse<\/em>, a religious order. I met wonderful and amazing people there and I have many fond memories! Today, I\u2019m considering offering my services to the elementary school across from the residence. However, I\u2019m so busy here with decorations, choir, bowling, chair exercises, yoga, cabaret&#8230; so, maybe later. We\u2019ll see! (laughs)<\/p>\n<p><strong>Why did you decide to be a volunteer at L\u2019INITIAL?<\/strong><\/p>\n<p>You know, I believe the best way to make your new living space your own is to be involved in it. Doing so allows me to break down social barriers and isolation, and connect with others.<\/p>\n<p>&nbsp;<\/p>\n<h2><strong><img loading=\"lazy\" decoding=\"async\" class=\"wp-image-18096 size-article-medium alignright\" src=\"https:\/\/groupemaurice.tor1.digitaloceanspaces.com\/app\/uploads\/2023\/04\/Photo-Amand-Beaufils-321x450.jpg\" alt=\"\" width=\"321\" height=\"450\" srcset=\"https:\/\/groupemaurice.tor1.digitaloceanspaces.com\/app\/uploads\/2023\/04\/Photo-Amand-Beaufils-321x450.jpg 321w, https:\/\/groupemaurice.tor1.digitaloceanspaces.com\/app\/uploads\/2023\/04\/Photo-Amand-Beaufils-214x300.jpg 214w, https:\/\/groupemaurice.tor1.digitaloceanspaces.com\/app\/uploads\/2023\/04\/Photo-Amand-Beaufils-150x210.jpg 150w, https:\/\/groupemaurice.tor1.digitaloceanspaces.com\/app\/uploads\/2023\/04\/Photo-Amand-Beaufils-768x1075.jpg 768w, https:\/\/groupemaurice.tor1.digitaloceanspaces.com\/app\/uploads\/2023\/04\/Photo-Amand-Beaufils-643x900.jpg 643w, https:\/\/groupemaurice.tor1.digitaloceanspaces.com\/app\/uploads\/2023\/04\/Photo-Amand-Beaufils-161x225.jpg 161w, https:\/\/groupemaurice.tor1.digitaloceanspaces.com\/app\/uploads\/2023\/04\/Photo-Amand-Beaufils.jpg 1000w\" sizes=\"auto, (max-width: 321px) 100vw, 321px\" \/><\/strong>Amand Beaufils, volunteer and resident at \u00c9kla<\/h2>\n<p><em><br \/>\n<\/em><em>Meet 88-year-old Amand Beaufils, a resident at <a href=\"https:\/\/www.legroupemaurice.com\/en\/residence\/ekla\/\">\u00c9KLA<\/a> (Quebec) since its opening in 2017. As you\u2019ll soon see, this energetic and conscientious man is an integral part of the community and contributes in many important ways.<\/em><\/p>\n<p>&nbsp;<\/p>\n<p><strong>Monsieur Beaufils, what kind of volunteer work do you do at the \u00c9KLA residence?<\/strong><\/p>\n<p>Well, first I give four stretching classes a week, all year round. I average about twenty participants per class. I also organize and co-host <em>\u00c9KLA de g\u00e9nies<\/em>, an activity that brings together about a hundred residents each week from January to April. During the winter evenings, teams of six seniors answer numerous questions on various subjects. It\u2019s entertaining and people enjoy it! Finally, I\u2019m co-manager of the woodworking shop, where each week, we help people with their small projects. That being said, anyone can come to the workshop to use hand tools like drills, scissors, screwdrivers&#8230; people can tinker with whatever they want. They know the schedule and come to take their turn.<\/p>\n<p><strong>Do you do any other volunteer work at the residence?<\/strong><\/p>\n<p>There is a huge greenhouse here. We sow more than a thousand seeds! At certain times, extra volunteers are needed, so I lend a helping hand. In other words, there are always activities within our reach. (laughs)<\/p>\n<p><strong>Did you do volunteer work before coming here?<\/strong><\/p>\n<p>I\u2019ve volunteered a bit everywhere! (laughs) These days, I don\u2019t volunteer outside the residence because as you can see, I\u2019m quite busy!<\/p>\n<p><strong>Why did you choose to volunteer your services at \u00c9KLA? <\/strong><\/p>\n<p>To help out, really. It\u2019s also a pleasant pastime. Volunteering allows us to stimulate ourselves, and staying active is important. As I\u2019ve mentioned, I do a little bit of everything. I don\u2019t know if it\u2019s the best technique to stay fit, but it sure suits me! (laughs)<\/p>\n<p><strong>What do you think it offers those around you?<\/strong><\/p>\n<p>I think that residents appreciate what we, the volunteers, do for them. Several people, for example, find that stretching brings them a lot of benefits. Thanks to the exercises, they can do movements again that they couldn\u2019t do before.<\/p>\n<p><strong>What do you especially like about \u00c9KLA?<\/strong><\/p>\n<p>At this residence, there are a lot of people participating in the organized activities. There are many activities available, which I find really great.<\/p>\n<p>&nbsp;<\/p>\n<h2><em><br \/>\n<\/em><strong><img loading=\"lazy\" decoding=\"async\" class=\"wp-image-18100 size-article-medium alignright\" src=\"https:\/\/groupemaurice.tor1.digitaloceanspaces.com\/app\/uploads\/2023\/04\/Photo-Martine-Maltais-321x450.jpg\" alt=\"\" width=\"321\" height=\"450\" srcset=\"https:\/\/groupemaurice.tor1.digitaloceanspaces.com\/app\/uploads\/2023\/04\/Photo-Martine-Maltais-321x450.jpg 321w, https:\/\/groupemaurice.tor1.digitaloceanspaces.com\/app\/uploads\/2023\/04\/Photo-Martine-Maltais-214x300.jpg 214w, https:\/\/groupemaurice.tor1.digitaloceanspaces.com\/app\/uploads\/2023\/04\/Photo-Martine-Maltais-150x210.jpg 150w, https:\/\/groupemaurice.tor1.digitaloceanspaces.com\/app\/uploads\/2023\/04\/Photo-Martine-Maltais-768x1075.jpg 768w, https:\/\/groupemaurice.tor1.digitaloceanspaces.com\/app\/uploads\/2023\/04\/Photo-Martine-Maltais-643x900.jpg 643w, https:\/\/groupemaurice.tor1.digitaloceanspaces.com\/app\/uploads\/2023\/04\/Photo-Martine-Maltais-161x225.jpg 161w, https:\/\/groupemaurice.tor1.digitaloceanspaces.com\/app\/uploads\/2023\/04\/Photo-Martine-Maltais.jpg 1000w\" sizes=\"auto, (max-width: 321px) 100vw, 321px\" \/><\/strong>Martine Maltais, volunteer and resident at Vast<\/h2>\n<p><strong><br \/>\n<\/strong><em>Martine Maltais is just 60 years old and amongst the youngest residents of <a href=\"https:\/\/www.legroupemaurice.com\/en\/residence\/vast\/\">VAST<\/a> (Sainte-Julie). Feeling privileged to be able to participate in all the activities, she decided to offer her time to those with cognitive challenges and loss of physical autonomy.<\/em><\/p>\n<p><strong>\u00a0<\/strong><\/p>\n<p><strong>Madame Maltais, how would you describe yourself?<\/strong><\/p>\n<p>I\u2019m quite energetic and sociable. I genuinely enjoy interacting with people and that\u2019s why I make it a point to greet everyone. Whether or not I know the person, I always ask them if they\u2019re having a good day.<\/p>\n<p><strong>\u00a0<\/strong><strong>What kind of volunteer work do you do at the residence?<\/strong><\/p>\n<p>I volunteer in the Signature wing, which helps people who are having physical or cognitive loss of autonomy. I find these people so endearing. Even though they are facing difficulties, they radiate beautiful energy. I visit them often and always say \u201chi\u201d because I like them so much!<\/p>\n<p><strong>\u00a0<\/strong><strong>Were you volunteering elsewhere before coming to VAST?<\/strong><\/p>\n<p>My daughter works at the Alzheimer Society on the South Shore, so I became a volunteer for their activities \u2013 and I also provide respite to family caregivers. I find it incredibly rewarding to be involved in such meaningful causes, and when I came to live at VAST, I knew it was a great opportunity to continue helping others in this way.<\/p>\n<p><strong>\u00a0<\/strong><strong>What is your goal as a volunteer? <\/strong><\/p>\n<p>I want to bring happiness to people who are alone by showing them love. And when I see the residents at Signature smile, that\u2019s my gift, my reward! In fact, I really don\u2019t see myself as a volunteer, but rather as someone who likes to help. I do what I do because I adore interacting with these residents. I just have fun with them, and I think they appreciate me a lot. In any case, that\u2019s what their hugs and smiles tell me.<\/p>\n<p><strong>\u00a0<\/strong><strong>What does it give you in return?<\/strong><\/p>\n<p>It enriches my life because the people I meet share their oldest memories with me. They talk to me candidly, without holding back. It\u2019s an honour to have them share their life experiences with me.<\/p>\n<p><strong>\u00a0<\/strong><strong>Is there a special memory you\u2019d like to share related to your volunteering?<\/strong><\/p>\n<p>There are so many of them&#8230; for example, one day, a resident sang me a song. She told me she had sung it to her mother before she passed away. I could feel all her emotions, and I started to cry because I found it so beautiful. One thing is certain, I am truly happy to be there for the residents of Signature.<\/p>\n<p>&nbsp;<\/p>\n<p><strong>Le Groupe Maurice would like to express its gratitude to Madame Martine Maltais, Monsieur Amand Beaufils and Madame Claudette St-Laurent Bura for their dedication and generosity. We also wish to congratulate the many volunteers who devote their time and energy each day to our various residences. Your efforts do not go unnoticed. A huge THANK YOU to all!<\/strong><\/p>\n","protected":false},"excerpt":{"rendered":"<p>Volunteers undoubtedly represent a valuable asset to Quebec society. One act at a time, they make it fairer, more humane,&#8230;<\/p>\n","protected":false},"author":2,"featured_media":18093,"comment_status":"open","ping_status":"open","sticky":false,"template":"","format":"standard","meta":{"_acf_changed":false,"inline_featured_image":false,"footnotes":""},"categories":[60],"tags":[328,329],"class_list":["post-18106","post","type-post","status-publish","format-standard","has-post-thumbnail","hentry","category-actualities","tag-interviews","tag-national-volunteer-week"],"acf":[],"yoast_head":"<!-- This site is optimized with the Yoast SEO Premium plugin v27.4 (Yoast SEO v27.4) - https:\/\/yoast.com\/product\/yoast-seo-premium-wordpress\/ -->\n<title>National Volunteer Week: Testimonials that inspire | Le Groupe Maurice<\/title>\n<meta name=\"description\" content=\"On the occasion of National Volunteer Week, we\u2019re sharing three inspiring stories with you. Meet our volunteer residents!\" \/>\n<meta name=\"robots\" content=\"index, follow, max-snippet:-1, max-image-preview:large, max-video-preview:-1\" \/>\n<link rel=\"canonical\" href=\"https:\/\/www.legroupemaurice.com\/en\/articles\/national-volunteer-week-testimonials-that-inspire\/\" \/>\n<meta property=\"og:locale\" content=\"en_US\" \/>\n<meta property=\"og:type\" content=\"article\" \/>\n<meta property=\"og:title\" content=\"National Volunteer Week: Testimonials that inspire\" \/>\n<meta property=\"og:description\" content=\"On the occasion of National Volunteer Week, we\u2019re sharing three inspiring stories with you. Meet our volunteer residents!\" \/>\n<meta property=\"og:url\" content=\"https:\/\/www.legroupemaurice.com\/en\/articles\/national-volunteer-week-testimonials-that-inspire\/\" \/>\n<meta property=\"og:site_name\" content=\"Le Groupe Maurice\" \/>\n<meta property=\"article:publisher\" content=\"https:\/\/www.facebook.com\/legroupemaurice\/\" \/>\n<meta property=\"article:published_time\" content=\"2023-04-17T13:01:35+00:00\" \/>\n<meta property=\"article:modified_time\" content=\"2023-04-20T13:23:15+00:00\" \/>\n<meta property=\"og:image\" content=\"https:\/\/groupemaurice.tor1.digitaloceanspaces.com\/app\/uploads\/2023\/04\/CORPO-2023-03-Semaine-action-be%CC%81ne%CC%81vole-Nouvelle-2420x1816-FR.jpg\" \/>\n\t<meta property=\"og:image:width\" content=\"2420\" \/>\n\t<meta property=\"og:image:height\" content=\"1816\" \/>\n\t<meta property=\"og:image:type\" content=\"image\/jpeg\" \/>\n<meta name=\"author\" content=\"Annabel Sanz\" \/>\n<meta name=\"twitter:card\" content=\"summary_large_image\" \/>\n<meta name=\"twitter:label1\" content=\"Written by\" \/>\n\t<meta name=\"twitter:data1\" content=\"Annabel Sanz\" \/>\n\t<meta name=\"twitter:label2\" content=\"Est. reading time\" \/>\n\t<meta name=\"twitter:data2\" content=\"8 minutes\" \/>\n<script type=\"application\/ld+json\" class=\"yoast-schema-graph\">{\"@context\":\"https:\\\/\\\/schema.org\",\"@graph\":[{\"@type\":\"Article\",\"@id\":\"https:\\\/\\\/www.legroupemaurice.com\\\/en\\\/articles\\\/national-volunteer-week-testimonials-that-inspire\\\/#article\",\"isPartOf\":{\"@id\":\"https:\\\/\\\/www.legroupemaurice.com\\\/en\\\/articles\\\/national-volunteer-week-testimonials-that-inspire\\\/\"},\"author\":{\"name\":\"Annabel Sanz\",\"@id\":\"https:\\\/\\\/www.legroupemaurice.com\\\/en\\\/#\\\/schema\\\/person\\\/ca0a9660a44a52c8165b61f1300babd8\"},\"headline\":\"National Volunteer Week: Testimonials that inspire\",\"datePublished\":\"2023-04-17T13:01:35+00:00\",\"dateModified\":\"2023-04-20T13:23:15+00:00\",\"mainEntityOfPage\":{\"@id\":\"https:\\\/\\\/www.legroupemaurice.com\\\/en\\\/articles\\\/national-volunteer-week-testimonials-that-inspire\\\/\"},\"wordCount\":1437,\"commentCount\":0,\"image\":{\"@id\":\"https:\\\/\\\/www.legroupemaurice.com\\\/en\\\/articles\\\/national-volunteer-week-testimonials-that-inspire\\\/#primaryimage\"},\"thumbnailUrl\":\"https:\\\/\\\/groupemaurice.tor1.digitaloceanspaces.com\\\/app\\\/uploads\\\/2023\\\/04\\\/CORPO-2023-03-Semaine-action-be%CC%81ne%CC%81vole-Nouvelle-2420x1816-FR.jpg\",\"keywords\":[\"Interviews\",\"National Volunteer Week\"],\"articleSection\":[\"Actualities\"],\"inLanguage\":\"en-CA\",\"potentialAction\":[{\"@type\":\"CommentAction\",\"name\":\"Comment\",\"target\":[\"https:\\\/\\\/www.legroupemaurice.com\\\/en\\\/articles\\\/national-volunteer-week-testimonials-that-inspire\\\/#respond\"]}]},{\"@type\":\"WebPage\",\"@id\":\"https:\\\/\\\/www.legroupemaurice.com\\\/en\\\/articles\\\/national-volunteer-week-testimonials-that-inspire\\\/\",\"url\":\"https:\\\/\\\/www.legroupemaurice.com\\\/en\\\/articles\\\/national-volunteer-week-testimonials-that-inspire\\\/\",\"name\":\"National Volunteer Week: Testimonials that inspire | Le Groupe Maurice\",\"isPartOf\":{\"@id\":\"https:\\\/\\\/www.legroupemaurice.com\\\/en\\\/#website\"},\"primaryImageOfPage\":{\"@id\":\"https:\\\/\\\/www.legroupemaurice.com\\\/en\\\/articles\\\/national-volunteer-week-testimonials-that-inspire\\\/#primaryimage\"},\"image\":{\"@id\":\"https:\\\/\\\/www.legroupemaurice.com\\\/en\\\/articles\\\/national-volunteer-week-testimonials-that-inspire\\\/#primaryimage\"},\"thumbnailUrl\":\"https:\\\/\\\/groupemaurice.tor1.digitaloceanspaces.com\\\/app\\\/uploads\\\/2023\\\/04\\\/CORPO-2023-03-Semaine-action-be%CC%81ne%CC%81vole-Nouvelle-2420x1816-FR.jpg\",\"datePublished\":\"2023-04-17T13:01:35+00:00\",\"dateModified\":\"2023-04-20T13:23:15+00:00\",\"author\":{\"@id\":\"https:\\\/\\\/www.legroupemaurice.com\\\/en\\\/#\\\/schema\\\/person\\\/ca0a9660a44a52c8165b61f1300babd8\"},\"description\":\"On the occasion of National Volunteer Week, we\u2019re sharing three inspiring stories with you. Meet our volunteer residents!\",\"breadcrumb\":{\"@id\":\"https:\\\/\\\/www.legroupemaurice.com\\\/en\\\/articles\\\/national-volunteer-week-testimonials-that-inspire\\\/#breadcrumb\"},\"inLanguage\":\"en-CA\",\"potentialAction\":[{\"@type\":\"ReadAction\",\"target\":[\"https:\\\/\\\/www.legroupemaurice.com\\\/en\\\/articles\\\/national-volunteer-week-testimonials-that-inspire\\\/\"]}]},{\"@type\":\"ImageObject\",\"inLanguage\":\"en-CA\",\"@id\":\"https:\\\/\\\/www.legroupemaurice.com\\\/en\\\/articles\\\/national-volunteer-week-testimonials-that-inspire\\\/#primaryimage\",\"url\":\"https:\\\/\\\/groupemaurice.tor1.digitaloceanspaces.com\\\/app\\\/uploads\\\/2023\\\/04\\\/CORPO-2023-03-Semaine-action-be%CC%81ne%CC%81vole-Nouvelle-2420x1816-FR.jpg\",\"contentUrl\":\"https:\\\/\\\/groupemaurice.tor1.digitaloceanspaces.com\\\/app\\\/uploads\\\/2023\\\/04\\\/CORPO-2023-03-Semaine-action-be%CC%81ne%CC%81vole-Nouvelle-2420x1816-FR.jpg\",\"width\":2420,\"height\":1816,\"caption\":\"Semaine de l'action b\u00e9n\u00e9vole : des t\u00e9moignages inspirants - Le Groupe Maurice - R\u00e9sidences pour personnes \u00e2g\u00e9es\"},{\"@type\":\"BreadcrumbList\",\"@id\":\"https:\\\/\\\/www.legroupemaurice.com\\\/en\\\/articles\\\/national-volunteer-week-testimonials-that-inspire\\\/#breadcrumb\",\"itemListElement\":[{\"@type\":\"ListItem\",\"position\":1,\"name\":\"Home\",\"item\":\"https:\\\/\\\/www.legroupemaurice.com\\\/en\\\/\"},{\"@type\":\"ListItem\",\"position\":2,\"name\":\"National Volunteer Week: Testimonials that inspire\"}]},{\"@type\":\"WebSite\",\"@id\":\"https:\\\/\\\/www.legroupemaurice.com\\\/en\\\/#website\",\"url\":\"https:\\\/\\\/www.legroupemaurice.com\\\/en\\\/\",\"name\":\"Le Groupe Maurice\",\"description\":\"\",\"potentialAction\":[{\"@type\":\"SearchAction\",\"target\":{\"@type\":\"EntryPoint\",\"urlTemplate\":\"https:\\\/\\\/www.legroupemaurice.com\\\/en\\\/?s={search_term_string}\"},\"query-input\":{\"@type\":\"PropertyValueSpecification\",\"valueRequired\":true,\"valueName\":\"search_term_string\"}}],\"inLanguage\":\"en-CA\"},{\"@type\":\"Person\",\"@id\":\"https:\\\/\\\/www.legroupemaurice.com\\\/en\\\/#\\\/schema\\\/person\\\/ca0a9660a44a52c8165b61f1300babd8\",\"name\":\"Annabel Sanz\",\"image\":{\"@type\":\"ImageObject\",\"inLanguage\":\"en-CA\",\"@id\":\"https:\\\/\\\/secure.gravatar.com\\\/avatar\\\/f9db70a58befdee05e44020ef3472f793ff85149953a6b516665ee5186912539?s=96&d=mm&r=g\",\"url\":\"https:\\\/\\\/secure.gravatar.com\\\/avatar\\\/f9db70a58befdee05e44020ef3472f793ff85149953a6b516665ee5186912539?s=96&d=mm&r=g\",\"contentUrl\":\"https:\\\/\\\/secure.gravatar.com\\\/avatar\\\/f9db70a58befdee05e44020ef3472f793ff85149953a6b516665ee5186912539?s=96&d=mm&r=g\",\"caption\":\"Annabel Sanz\"},\"url\":\"https:\\\/\\\/www.legroupemaurice.com\\\/en\\\/articles\\\/author\\\/asanz\\\/\"}]}<\/script>\n<!-- \/ Yoast SEO Premium plugin. -->","yoast_head_json":{"title":"National Volunteer Week: Testimonials that inspire | Le Groupe Maurice","description":"On the occasion of National Volunteer Week, we\u2019re sharing three inspiring stories with you. Meet our volunteer residents!","robots":{"index":"index","follow":"follow","max-snippet":"max-snippet:-1","max-image-preview":"max-image-preview:large","max-video-preview":"max-video-preview:-1"},"canonical":"https:\/\/www.legroupemaurice.com\/en\/articles\/national-volunteer-week-testimonials-that-inspire\/","og_locale":"en_US","og_type":"article","og_title":"National Volunteer Week: Testimonials that inspire","og_description":"On the occasion of National Volunteer Week, we\u2019re sharing three inspiring stories with you. Meet our volunteer residents!","og_url":"https:\/\/www.legroupemaurice.com\/en\/articles\/national-volunteer-week-testimonials-that-inspire\/","og_site_name":"Le Groupe Maurice","article_publisher":"https:\/\/www.facebook.com\/legroupemaurice\/","article_published_time":"2023-04-17T13:01:35+00:00","article_modified_time":"2023-04-20T13:23:15+00:00","og_image":[{"width":2420,"height":1816,"url":"https:\/\/groupemaurice.tor1.digitaloceanspaces.com\/app\/uploads\/2023\/04\/CORPO-2023-03-Semaine-action-be%CC%81ne%CC%81vole-Nouvelle-2420x1816-FR.jpg","type":"image\/jpeg"}],"author":"Annabel Sanz","twitter_card":"summary_large_image","twitter_misc":{"Written by":"Annabel Sanz","Est. reading time":"8 minutes"},"schema":{"@context":"https:\/\/schema.org","@graph":[{"@type":"Article","@id":"https:\/\/www.legroupemaurice.com\/en\/articles\/national-volunteer-week-testimonials-that-inspire\/#article","isPartOf":{"@id":"https:\/\/www.legroupemaurice.com\/en\/articles\/national-volunteer-week-testimonials-that-inspire\/"},"author":{"name":"Annabel Sanz","@id":"https:\/\/www.legroupemaurice.com\/en\/#\/schema\/person\/ca0a9660a44a52c8165b61f1300babd8"},"headline":"National Volunteer Week: Testimonials that inspire","datePublished":"2023-04-17T13:01:35+00:00","dateModified":"2023-04-20T13:23:15+00:00","mainEntityOfPage":{"@id":"https:\/\/www.legroupemaurice.com\/en\/articles\/national-volunteer-week-testimonials-that-inspire\/"},"wordCount":1437,"commentCount":0,"image":{"@id":"https:\/\/www.legroupemaurice.com\/en\/articles\/national-volunteer-week-testimonials-that-inspire\/#primaryimage"},"thumbnailUrl":"https:\/\/groupemaurice.tor1.digitaloceanspaces.com\/app\/uploads\/2023\/04\/CORPO-2023-03-Semaine-action-be%CC%81ne%CC%81vole-Nouvelle-2420x1816-FR.jpg","keywords":["Interviews","National Volunteer Week"],"articleSection":["Actualities"],"inLanguage":"en-CA","potentialAction":[{"@type":"CommentAction","name":"Comment","target":["https:\/\/www.legroupemaurice.com\/en\/articles\/national-volunteer-week-testimonials-that-inspire\/#respond"]}]},{"@type":"WebPage","@id":"https:\/\/www.legroupemaurice.com\/en\/articles\/national-volunteer-week-testimonials-that-inspire\/","url":"https:\/\/www.legroupemaurice.com\/en\/articles\/national-volunteer-week-testimonials-that-inspire\/","name":"National Volunteer Week: Testimonials that inspire | Le Groupe Maurice","isPartOf":{"@id":"https:\/\/www.legroupemaurice.com\/en\/#website"},"primaryImageOfPage":{"@id":"https:\/\/www.legroupemaurice.com\/en\/articles\/national-volunteer-week-testimonials-that-inspire\/#primaryimage"},"image":{"@id":"https:\/\/www.legroupemaurice.com\/en\/articles\/national-volunteer-week-testimonials-that-inspire\/#primaryimage"},"thumbnailUrl":"https:\/\/groupemaurice.tor1.digitaloceanspaces.com\/app\/uploads\/2023\/04\/CORPO-2023-03-Semaine-action-be%CC%81ne%CC%81vole-Nouvelle-2420x1816-FR.jpg","datePublished":"2023-04-17T13:01:35+00:00","dateModified":"2023-04-20T13:23:15+00:00","author":{"@id":"https:\/\/www.legroupemaurice.com\/en\/#\/schema\/person\/ca0a9660a44a52c8165b61f1300babd8"},"description":"On the occasion of National Volunteer Week, we\u2019re sharing three inspiring stories with you. Meet our volunteer residents!","breadcrumb":{"@id":"https:\/\/www.legroupemaurice.com\/en\/articles\/national-volunteer-week-testimonials-that-inspire\/#breadcrumb"},"inLanguage":"en-CA","potentialAction":[{"@type":"ReadAction","target":["https:\/\/www.legroupemaurice.com\/en\/articles\/national-volunteer-week-testimonials-that-inspire\/"]}]},{"@type":"ImageObject","inLanguage":"en-CA","@id":"https:\/\/www.legroupemaurice.com\/en\/articles\/national-volunteer-week-testimonials-that-inspire\/#primaryimage","url":"https:\/\/groupemaurice.tor1.digitaloceanspaces.com\/app\/uploads\/2023\/04\/CORPO-2023-03-Semaine-action-be%CC%81ne%CC%81vole-Nouvelle-2420x1816-FR.jpg","contentUrl":"https:\/\/groupemaurice.tor1.digitaloceanspaces.com\/app\/uploads\/2023\/04\/CORPO-2023-03-Semaine-action-be%CC%81ne%CC%81vole-Nouvelle-2420x1816-FR.jpg","width":2420,"height":1816,"caption":"Semaine de l'action b\u00e9n\u00e9vole : des t\u00e9moignages inspirants - Le Groupe Maurice - R\u00e9sidences pour personnes \u00e2g\u00e9es"},{"@type":"BreadcrumbList","@id":"https:\/\/www.legroupemaurice.com\/en\/articles\/national-volunteer-week-testimonials-that-inspire\/#breadcrumb","itemListElement":[{"@type":"ListItem","position":1,"name":"Home","item":"https:\/\/www.legroupemaurice.com\/en\/"},{"@type":"ListItem","position":2,"name":"National Volunteer Week: Testimonials that inspire"}]},{"@type":"WebSite","@id":"https:\/\/www.legroupemaurice.com\/en\/#website","url":"https:\/\/www.legroupemaurice.com\/en\/","name":"Le Groupe Maurice","description":"","potentialAction":[{"@type":"SearchAction","target":{"@type":"EntryPoint","urlTemplate":"https:\/\/www.legroupemaurice.com\/en\/?s={search_term_string}"},"query-input":{"@type":"PropertyValueSpecification","valueRequired":true,"valueName":"search_term_string"}}],"inLanguage":"en-CA"},{"@type":"Person","@id":"https:\/\/www.legroupemaurice.com\/en\/#\/schema\/person\/ca0a9660a44a52c8165b61f1300babd8","name":"Annabel Sanz","image":{"@type":"ImageObject","inLanguage":"en-CA","@id":"https:\/\/secure.gravatar.com\/avatar\/f9db70a58befdee05e44020ef3472f793ff85149953a6b516665ee5186912539?s=96&d=mm&r=g","url":"https:\/\/secure.gravatar.com\/avatar\/f9db70a58befdee05e44020ef3472f793ff85149953a6b516665ee5186912539?s=96&d=mm&r=g","contentUrl":"https:\/\/secure.gravatar.com\/avatar\/f9db70a58befdee05e44020ef3472f793ff85149953a6b516665ee5186912539?s=96&d=mm&r=g","caption":"Annabel Sanz"},"url":"https:\/\/www.legroupemaurice.com\/en\/articles\/author\/asanz\/"}]}},"_links":{"self":[{"href":"https:\/\/www.legroupemaurice.com\/en\/wp-json\/wp\/v2\/posts\/18106","targetHints":{"allow":["GET"]}}],"collection":[{"href":"https:\/\/www.legroupemaurice.com\/en\/wp-json\/wp\/v2\/posts"}],"about":[{"href":"https:\/\/www.legroupemaurice.com\/en\/wp-json\/wp\/v2\/types\/post"}],"author":[{"embeddable":true,"href":"https:\/\/www.legroupemaurice.com\/en\/wp-json\/wp\/v2\/users\/2"}],"replies":[{"embeddable":true,"href":"https:\/\/www.legroupemaurice.com\/en\/wp-json\/wp\/v2\/comments?post=18106"}],"version-history":[{"count":1,"href":"https:\/\/www.legroupemaurice.com\/en\/wp-json\/wp\/v2\/posts\/18106\/revisions"}],"predecessor-version":[{"id":18107,"href":"https:\/\/www.legroupemaurice.com\/en\/wp-json\/wp\/v2\/posts\/18106\/revisions\/18107"}],"wp:featuredmedia":[{"embeddable":true,"href":"https:\/\/www.legroupemaurice.com\/en\/wp-json\/wp\/v2\/media\/18093"}],"wp:attachment":[{"href":"https:\/\/www.legroupemaurice.com\/en\/wp-json\/wp\/v2\/media?parent=18106"}],"wp:term":[{"taxonomy":"category","embeddable":true,"href":"https:\/\/www.legroupemaurice.com\/en\/wp-json\/wp\/v2\/categories?post=18106"},{"taxonomy":"post_tag","embeddable":true,"href":"https:\/\/www.legroupemaurice.com\/en\/wp-json\/wp\/v2\/tags?post=18106"}],"curies":[{"name":"wp","href":"https:\/\/api.w.org\/{rel}","templated":true}]}}