{"id":27855,"date":"2024-11-15T08:47:58","date_gmt":"2024-11-15T13:47:58","guid":{"rendered":"https:\/\/www.legroupemaurice.com\/?p=27855"},"modified":"2024-11-15T08:47:58","modified_gmt":"2024-11-15T13:47:58","slug":"interview-with-julie-courtemanche-general-manager-of-station-est","status":"publish","type":"post","link":"https:\/\/www.legroupemaurice.com\/en\/articles\/interview-with-julie-courtemanche-general-manager-of-station-est\/","title":{"rendered":"Interview with Julie Courtemanche, General Manager of Station Est"},"content":{"rendered":"<p><strong>We\u2019re excited to welcome Julie Courtemanche, our new General Manager at Station Est residence, who joined us on October 15<sup>th<\/sup>. To help you get acquainted with Julie, we invited her to share her story, aspirations and goals\u00a0\u2013\u00a0both professionally and personally. And we\u2019re thrilled that she enthusiastically accepted our invitation to chat with us!<\/strong><\/p>\n<p><strong>\u00a0<\/strong><\/p>\n<p><strong>Julie, with your fitness training background, what drew you to further your career with Le Groupe Maurice?<\/strong><\/p>\n<p>I\u2019ve spent many years in the fitness industry, where the values of happiness, sharing and respect have always been at the forefront. For over two decades, I\u2019ve been passionate about empowering Quebecers to adopt healthy lifestyle habits and make wellness a priority. I\u2019m very proud of what I\u2019ve accomplished.<\/p>\n<p>That said, I reached a point where I was eager to embrace new challenges. As a people-focused individual, I sought a transition that would allow me to continue making a meaningful impact in a human-centred setting. That\u2019s when I discovered Le Groupe Maurice, and I was immediately smitten! These vibrant communities where seniors can thrive and continue growing resonated deeply with me. I saw this as a natural evolution in my career journey.<\/p>\n<p>&nbsp;<\/p>\n<p><strong>What attracted you to Le Groupe Maurice?<\/strong><\/p>\n<p>The company\u2019s values really resonated with me. While exploring new opportunities, I had the chance to visit one of their residences with Brigite Ouimet, who was previously the General Manager of Station Est and 45Nord, and is now the Regional Director of Operations at the head office. Brigite and I go way back; she actually gave me my first job when I was just 18 years old!<\/p>\n<p>In brief, I wanted to immerse myself in the environment and get a feel for the company culture. My conversations with Brigite and the human resources team revealed that the company\u2019s core values of listening, compassion, support and integrity truly aligned with my own. The more we spoke, the more I became convinced that I wanted the position.<\/p>\n<p>&nbsp;<\/p>\n<p><strong>What drives you as a general manager?<\/strong><\/p>\n<p>For me, collaboration is key. I\u2019m passionate about working with department heads, teams and residents to achieve amazing things together. As general manager, my goal is to create a safe and supportive environment at <a href=\"https:\/\/www.legroupemaurice.com\/en\/residences\/station-est\/\">Station Est<\/a>. That\u2019s what motivates me a lot.<\/p>\n<p>I\u2019m also very excited to discover the world of private seniors\u2019 residences (PSRs), which is completely new to me, and to learn all about its inner workings. After several years in the fitness industry, I needed to get out of my comfort zone, and that\u2019s exactly what I\u2019m doing right now. I love it!<\/p>\n<p>&nbsp;<\/p>\n<p><strong>What\u2019s the most rewarding part of working with older adults?<\/strong><\/p>\n<p>Well, they have so much to teach us! They all have different backgrounds and life paths, which really interest me. In fact, it\u2019s what I\u2019m so passionate about. I sincerely believe that our interactions with older individuals can help us grow; and through my role, I can contribute to their well-being and happiness. To me, what they\u2019ve experienced and will continue to experience here is important.<\/p>\n<p><strong>\u00a0<\/strong><\/p>\n<p><strong>What do you want to bring to Station Est residence, for both your team and the residents?<\/strong><\/p>\n<p>I want to provide a supportive and comforting presence, being always approachable and fostering a spirit of collaboration and joy\u00a0\u2013\u00a0every single day. My goal is to create a sense of community and belonging for both residents and team members. With my ability to connect with others, I intend to build something truly special together.<\/p>\n<p>Throughout my career, I\u2019ve developed a wide range of skills which will enable me to make a positive impact on everyone around me in my new role. Of course, I still have several weeks of integration and adaptation ahead of me. Since my arrival, I\u2019ve made it a point to build connections with residents and staff, and I plan to continue doing so. I\u2019m confident that 2025 will be a fantastic year!<\/p>\n<p>&nbsp;<\/p>\n<p><strong>Now, let\u2019s get to know you a bit better. How would you describe yourself in a nutshell?<\/strong><\/p>\n<p>I\u2019m an active and cheerful individual. I\u2019m also a people-person who thrives on communication, listening and understanding those around me. I\u2019m also known for being a problem-solver.<\/p>\n<p>&nbsp;<\/p>\n<p><strong>What\u2019s your favourite pastime?<\/strong><\/p>\n<p>I\u2019m a travel enthusiast at heart. Exploring new cultures and destinations truly fascinates me. Recently, I\u2019ve had the pleasure of visiting the Caribbean, France, Portugal, Spain and Italy. Next spring, my partner and I are planning a trip to Peru, which I\u2019m super excited about.<\/p>\n<p>&nbsp;<\/p>\n<p><strong>What song makes you most want to get up and dance?<\/strong><\/p>\n<p>Ah, that\u2019s a great question. With my varied musical tastes, I have to say\u00a0\u2013\u00a0disco! There\u2019s something about the upbeat rhythms and catchy melodies that resonates deeply with me and gets my feet moving. \u201cFunky Town\u201d, \u201cRing My Bell\u201d and \u201cI Will Survive\u201d are the absolute perfect songs to dance to!<\/p>\n<p>&nbsp;<\/p>\n<p><strong>What makes you smile every time?<\/strong><\/p>\n<p>I\u2019m a naturally joyful person, but there\u2019s something about the sound of a child\u2019s or baby\u2019s laughter that always makes me grin.<\/p>\n<p>&nbsp;<\/p>\n<p><strong>What\u2019s your favourite dish? <\/strong><\/p>\n<p>As a foodie, I love eating and I love good wine. But if I had to choose only one type of cuisine for the rest of my days, it would undoubtedly be Italian dishes. A good plate of well-prepared pasta with a glass of wine makes me happy&#8230;<\/p>\n<p>&nbsp;<\/p>\n<p><strong>What personal challenge would you like to take on in the next year?<\/strong><\/p>\n<p>My partner and I want to hike the Machu Picchu on foot during our next trip. We don\u2019t know yet how our bodies will adapt to the altitude, so we\u2019re doing a lot of research on this topic right now. One thing is for sure, this project excites me to the highest point!<\/p>\n<p>&nbsp;<\/p>\n<p><strong>What would you wish for if you had a magic wand?<\/strong><\/p>\n<p>Health is one of life\u2019s most valuable treasures. It\u2019s a privilege that\u2019s often taken for granted. So, if I had a magic wand, I\u2019d grant good health to all!<\/p>\n<p>&nbsp;<\/p>\n<p><strong>Julie Courtemanche, thank you so much for this wonderful interview and for giving us a glimpse into your world. We wish you all the best as you embark on this exciting new adventure that\u2019s sure to be a rewarding human experience!<\/strong><\/p>\n<p>&nbsp;<\/p>\n<p>&nbsp;<\/p>\n","protected":false},"excerpt":{"rendered":"<p>We\u2019re excited to welcome Julie Courtemanche, our new General Manager at Station Est residence, who joined us on October 15th&#8230;.<\/p>\n","protected":false},"author":2,"featured_media":27874,"comment_status":"open","ping_status":"open","sticky":false,"template":"","format":"standard","meta":{"_acf_changed":false,"inline_featured_image":false,"footnotes":""},"categories":[60],"tags":[],"class_list":["post-27855","post","type-post","status-publish","format-standard","has-post-thumbnail","hentry","category-actualities"],"acf":[],"yoast_head":"<!-- This site is optimized with the Yoast SEO Premium plugin v27.4 (Yoast SEO v27.4) - https:\/\/yoast.com\/product\/yoast-seo-premium-wordpress\/ -->\n<title>Interview with Julie Courtemanche, General Manager of Station Est | Le Groupe Maurice<\/title>\n<meta name=\"description\" content=\"We\u2019re excited to welcome Julie Courtemanche, our new General Manager at Station Est residence, who joined us on October 15th.\" \/>\n<meta name=\"robots\" content=\"index, follow, max-snippet:-1, max-image-preview:large, max-video-preview:-1\" \/>\n<link rel=\"canonical\" href=\"https:\/\/www.legroupemaurice.com\/en\/articles\/interview-with-julie-courtemanche-general-manager-of-station-est\/\" \/>\n<meta property=\"og:locale\" content=\"en_US\" \/>\n<meta property=\"og:type\" content=\"article\" \/>\n<meta property=\"og:title\" content=\"Interview with Julie Courtemanche, General Manager of Station Est\" \/>\n<meta property=\"og:description\" content=\"We\u2019re excited to welcome Julie Courtemanche, our new General Manager at Station Est residence, who joined us on October 15th.\" \/>\n<meta property=\"og:url\" content=\"https:\/\/www.legroupemaurice.com\/en\/articles\/interview-with-julie-courtemanche-general-manager-of-station-est\/\" \/>\n<meta property=\"og:site_name\" content=\"Le Groupe Maurice\" \/>\n<meta property=\"article:publisher\" content=\"https:\/\/www.facebook.com\/legroupemaurice\/\" \/>\n<meta property=\"article:published_time\" content=\"2024-11-15T13:47:58+00:00\" \/>\n<meta property=\"og:image\" content=\"https:\/\/groupemaurice.tor1.digitaloceanspaces.com\/app\/uploads\/2024\/11\/JC-2420x1816-2.webp\" \/>\n\t<meta property=\"og:image:width\" content=\"2420\" \/>\n\t<meta property=\"og:image:height\" content=\"1816\" \/>\n\t<meta property=\"og:image:type\" content=\"image\/webp\" \/>\n<meta name=\"author\" content=\"Annabel Sanz\" \/>\n<meta name=\"twitter:card\" content=\"summary_large_image\" \/>\n<meta name=\"twitter:label1\" content=\"Written by\" \/>\n\t<meta name=\"twitter:data1\" content=\"Annabel Sanz\" \/>\n\t<meta name=\"twitter:label2\" content=\"Est. reading time\" \/>\n\t<meta name=\"twitter:data2\" content=\"6 minutes\" \/>\n<script type=\"application\/ld+json\" class=\"yoast-schema-graph\">{\"@context\":\"https:\\\/\\\/schema.org\",\"@graph\":[{\"@type\":\"Article\",\"@id\":\"https:\\\/\\\/www.legroupemaurice.com\\\/en\\\/articles\\\/interview-with-julie-courtemanche-general-manager-of-station-est\\\/#article\",\"isPartOf\":{\"@id\":\"https:\\\/\\\/www.legroupemaurice.com\\\/en\\\/articles\\\/interview-with-julie-courtemanche-general-manager-of-station-est\\\/\"},\"author\":{\"name\":\"Annabel Sanz\",\"@id\":\"https:\\\/\\\/www.legroupemaurice.com\\\/en\\\/#\\\/schema\\\/person\\\/ca0a9660a44a52c8165b61f1300babd8\"},\"headline\":\"Interview with Julie Courtemanche, General Manager of Station Est\",\"datePublished\":\"2024-11-15T13:47:58+00:00\",\"mainEntityOfPage\":{\"@id\":\"https:\\\/\\\/www.legroupemaurice.com\\\/en\\\/articles\\\/interview-with-julie-courtemanche-general-manager-of-station-est\\\/\"},\"wordCount\":1093,\"commentCount\":0,\"image\":{\"@id\":\"https:\\\/\\\/www.legroupemaurice.com\\\/en\\\/articles\\\/interview-with-julie-courtemanche-general-manager-of-station-est\\\/#primaryimage\"},\"thumbnailUrl\":\"https:\\\/\\\/groupemaurice.tor1.digitaloceanspaces.com\\\/app\\\/uploads\\\/2024\\\/11\\\/JC-2420x1816-2.webp\",\"articleSection\":[\"Actualities\"],\"inLanguage\":\"en-CA\",\"potentialAction\":[{\"@type\":\"CommentAction\",\"name\":\"Comment\",\"target\":[\"https:\\\/\\\/www.legroupemaurice.com\\\/en\\\/articles\\\/interview-with-julie-courtemanche-general-manager-of-station-est\\\/#respond\"]}]},{\"@type\":\"WebPage\",\"@id\":\"https:\\\/\\\/www.legroupemaurice.com\\\/en\\\/articles\\\/interview-with-julie-courtemanche-general-manager-of-station-est\\\/\",\"url\":\"https:\\\/\\\/www.legroupemaurice.com\\\/en\\\/articles\\\/interview-with-julie-courtemanche-general-manager-of-station-est\\\/\",\"name\":\"Interview with Julie Courtemanche, General Manager of Station Est | Le Groupe Maurice\",\"isPartOf\":{\"@id\":\"https:\\\/\\\/www.legroupemaurice.com\\\/en\\\/#website\"},\"primaryImageOfPage\":{\"@id\":\"https:\\\/\\\/www.legroupemaurice.com\\\/en\\\/articles\\\/interview-with-julie-courtemanche-general-manager-of-station-est\\\/#primaryimage\"},\"image\":{\"@id\":\"https:\\\/\\\/www.legroupemaurice.com\\\/en\\\/articles\\\/interview-with-julie-courtemanche-general-manager-of-station-est\\\/#primaryimage\"},\"thumbnailUrl\":\"https:\\\/\\\/groupemaurice.tor1.digitaloceanspaces.com\\\/app\\\/uploads\\\/2024\\\/11\\\/JC-2420x1816-2.webp\",\"datePublished\":\"2024-11-15T13:47:58+00:00\",\"author\":{\"@id\":\"https:\\\/\\\/www.legroupemaurice.com\\\/en\\\/#\\\/schema\\\/person\\\/ca0a9660a44a52c8165b61f1300babd8\"},\"description\":\"We\u2019re excited to welcome Julie Courtemanche, our new General Manager at Station Est residence, who joined us on October 15th.\",\"breadcrumb\":{\"@id\":\"https:\\\/\\\/www.legroupemaurice.com\\\/en\\\/articles\\\/interview-with-julie-courtemanche-general-manager-of-station-est\\\/#breadcrumb\"},\"inLanguage\":\"en-CA\",\"potentialAction\":[{\"@type\":\"ReadAction\",\"target\":[\"https:\\\/\\\/www.legroupemaurice.com\\\/en\\\/articles\\\/interview-with-julie-courtemanche-general-manager-of-station-est\\\/\"]}]},{\"@type\":\"ImageObject\",\"inLanguage\":\"en-CA\",\"@id\":\"https:\\\/\\\/www.legroupemaurice.com\\\/en\\\/articles\\\/interview-with-julie-courtemanche-general-manager-of-station-est\\\/#primaryimage\",\"url\":\"https:\\\/\\\/groupemaurice.tor1.digitaloceanspaces.com\\\/app\\\/uploads\\\/2024\\\/11\\\/JC-2420x1816-2.webp\",\"contentUrl\":\"https:\\\/\\\/groupemaurice.tor1.digitaloceanspaces.com\\\/app\\\/uploads\\\/2024\\\/11\\\/JC-2420x1816-2.webp\",\"width\":2420,\"height\":1816,\"caption\":\"Entrevue avec Julie Courtemanche, Directrice g\u00e9n\u00e9rale de Station Est - Le Groupe Maurice - R\u00e9sidences pour a\u00een\u00e9s\"},{\"@type\":\"BreadcrumbList\",\"@id\":\"https:\\\/\\\/www.legroupemaurice.com\\\/en\\\/articles\\\/interview-with-julie-courtemanche-general-manager-of-station-est\\\/#breadcrumb\",\"itemListElement\":[{\"@type\":\"ListItem\",\"position\":1,\"name\":\"Home\",\"item\":\"https:\\\/\\\/www.legroupemaurice.com\\\/en\\\/\"},{\"@type\":\"ListItem\",\"position\":2,\"name\":\"Interview with Julie Courtemanche, General Manager of Station Est\"}]},{\"@type\":\"WebSite\",\"@id\":\"https:\\\/\\\/www.legroupemaurice.com\\\/en\\\/#website\",\"url\":\"https:\\\/\\\/www.legroupemaurice.com\\\/en\\\/\",\"name\":\"Le Groupe Maurice\",\"description\":\"\",\"potentialAction\":[{\"@type\":\"SearchAction\",\"target\":{\"@type\":\"EntryPoint\",\"urlTemplate\":\"https:\\\/\\\/www.legroupemaurice.com\\\/en\\\/?s={search_term_string}\"},\"query-input\":{\"@type\":\"PropertyValueSpecification\",\"valueRequired\":true,\"valueName\":\"search_term_string\"}}],\"inLanguage\":\"en-CA\"},{\"@type\":\"Person\",\"@id\":\"https:\\\/\\\/www.legroupemaurice.com\\\/en\\\/#\\\/schema\\\/person\\\/ca0a9660a44a52c8165b61f1300babd8\",\"name\":\"Annabel Sanz\",\"image\":{\"@type\":\"ImageObject\",\"inLanguage\":\"en-CA\",\"@id\":\"https:\\\/\\\/secure.gravatar.com\\\/avatar\\\/f9db70a58befdee05e44020ef3472f793ff85149953a6b516665ee5186912539?s=96&d=mm&r=g\",\"url\":\"https:\\\/\\\/secure.gravatar.com\\\/avatar\\\/f9db70a58befdee05e44020ef3472f793ff85149953a6b516665ee5186912539?s=96&d=mm&r=g\",\"contentUrl\":\"https:\\\/\\\/secure.gravatar.com\\\/avatar\\\/f9db70a58befdee05e44020ef3472f793ff85149953a6b516665ee5186912539?s=96&d=mm&r=g\",\"caption\":\"Annabel Sanz\"},\"url\":\"https:\\\/\\\/www.legroupemaurice.com\\\/en\\\/articles\\\/author\\\/asanz\\\/\"}]}<\/script>\n<!-- \/ Yoast SEO Premium plugin. -->","yoast_head_json":{"title":"Interview with Julie Courtemanche, General Manager of Station Est | Le Groupe Maurice","description":"We\u2019re excited to welcome Julie Courtemanche, our new General Manager at Station Est residence, who joined us on October 15th.","robots":{"index":"index","follow":"follow","max-snippet":"max-snippet:-1","max-image-preview":"max-image-preview:large","max-video-preview":"max-video-preview:-1"},"canonical":"https:\/\/www.legroupemaurice.com\/en\/articles\/interview-with-julie-courtemanche-general-manager-of-station-est\/","og_locale":"en_US","og_type":"article","og_title":"Interview with Julie Courtemanche, General Manager of Station Est","og_description":"We\u2019re excited to welcome Julie Courtemanche, our new General Manager at Station Est residence, who joined us on October 15th.","og_url":"https:\/\/www.legroupemaurice.com\/en\/articles\/interview-with-julie-courtemanche-general-manager-of-station-est\/","og_site_name":"Le Groupe Maurice","article_publisher":"https:\/\/www.facebook.com\/legroupemaurice\/","article_published_time":"2024-11-15T13:47:58+00:00","og_image":[{"width":2420,"height":1816,"url":"https:\/\/groupemaurice.tor1.digitaloceanspaces.com\/app\/uploads\/2024\/11\/JC-2420x1816-2.webp","type":"image\/webp"}],"author":"Annabel Sanz","twitter_card":"summary_large_image","twitter_misc":{"Written by":"Annabel Sanz","Est. reading time":"6 minutes"},"schema":{"@context":"https:\/\/schema.org","@graph":[{"@type":"Article","@id":"https:\/\/www.legroupemaurice.com\/en\/articles\/interview-with-julie-courtemanche-general-manager-of-station-est\/#article","isPartOf":{"@id":"https:\/\/www.legroupemaurice.com\/en\/articles\/interview-with-julie-courtemanche-general-manager-of-station-est\/"},"author":{"name":"Annabel Sanz","@id":"https:\/\/www.legroupemaurice.com\/en\/#\/schema\/person\/ca0a9660a44a52c8165b61f1300babd8"},"headline":"Interview with Julie Courtemanche, General Manager of Station Est","datePublished":"2024-11-15T13:47:58+00:00","mainEntityOfPage":{"@id":"https:\/\/www.legroupemaurice.com\/en\/articles\/interview-with-julie-courtemanche-general-manager-of-station-est\/"},"wordCount":1093,"commentCount":0,"image":{"@id":"https:\/\/www.legroupemaurice.com\/en\/articles\/interview-with-julie-courtemanche-general-manager-of-station-est\/#primaryimage"},"thumbnailUrl":"https:\/\/groupemaurice.tor1.digitaloceanspaces.com\/app\/uploads\/2024\/11\/JC-2420x1816-2.webp","articleSection":["Actualities"],"inLanguage":"en-CA","potentialAction":[{"@type":"CommentAction","name":"Comment","target":["https:\/\/www.legroupemaurice.com\/en\/articles\/interview-with-julie-courtemanche-general-manager-of-station-est\/#respond"]}]},{"@type":"WebPage","@id":"https:\/\/www.legroupemaurice.com\/en\/articles\/interview-with-julie-courtemanche-general-manager-of-station-est\/","url":"https:\/\/www.legroupemaurice.com\/en\/articles\/interview-with-julie-courtemanche-general-manager-of-station-est\/","name":"Interview with Julie Courtemanche, General Manager of Station Est | Le Groupe Maurice","isPartOf":{"@id":"https:\/\/www.legroupemaurice.com\/en\/#website"},"primaryImageOfPage":{"@id":"https:\/\/www.legroupemaurice.com\/en\/articles\/interview-with-julie-courtemanche-general-manager-of-station-est\/#primaryimage"},"image":{"@id":"https:\/\/www.legroupemaurice.com\/en\/articles\/interview-with-julie-courtemanche-general-manager-of-station-est\/#primaryimage"},"thumbnailUrl":"https:\/\/groupemaurice.tor1.digitaloceanspaces.com\/app\/uploads\/2024\/11\/JC-2420x1816-2.webp","datePublished":"2024-11-15T13:47:58+00:00","author":{"@id":"https:\/\/www.legroupemaurice.com\/en\/#\/schema\/person\/ca0a9660a44a52c8165b61f1300babd8"},"description":"We\u2019re excited to welcome Julie Courtemanche, our new General Manager at Station Est residence, who joined us on October 15th.","breadcrumb":{"@id":"https:\/\/www.legroupemaurice.com\/en\/articles\/interview-with-julie-courtemanche-general-manager-of-station-est\/#breadcrumb"},"inLanguage":"en-CA","potentialAction":[{"@type":"ReadAction","target":["https:\/\/www.legroupemaurice.com\/en\/articles\/interview-with-julie-courtemanche-general-manager-of-station-est\/"]}]},{"@type":"ImageObject","inLanguage":"en-CA","@id":"https:\/\/www.legroupemaurice.com\/en\/articles\/interview-with-julie-courtemanche-general-manager-of-station-est\/#primaryimage","url":"https:\/\/groupemaurice.tor1.digitaloceanspaces.com\/app\/uploads\/2024\/11\/JC-2420x1816-2.webp","contentUrl":"https:\/\/groupemaurice.tor1.digitaloceanspaces.com\/app\/uploads\/2024\/11\/JC-2420x1816-2.webp","width":2420,"height":1816,"caption":"Entrevue avec Julie Courtemanche, Directrice g\u00e9n\u00e9rale de Station Est - Le Groupe Maurice - R\u00e9sidences pour a\u00een\u00e9s"},{"@type":"BreadcrumbList","@id":"https:\/\/www.legroupemaurice.com\/en\/articles\/interview-with-julie-courtemanche-general-manager-of-station-est\/#breadcrumb","itemListElement":[{"@type":"ListItem","position":1,"name":"Home","item":"https:\/\/www.legroupemaurice.com\/en\/"},{"@type":"ListItem","position":2,"name":"Interview with Julie Courtemanche, General Manager of Station Est"}]},{"@type":"WebSite","@id":"https:\/\/www.legroupemaurice.com\/en\/#website","url":"https:\/\/www.legroupemaurice.com\/en\/","name":"Le Groupe Maurice","description":"","potentialAction":[{"@type":"SearchAction","target":{"@type":"EntryPoint","urlTemplate":"https:\/\/www.legroupemaurice.com\/en\/?s={search_term_string}"},"query-input":{"@type":"PropertyValueSpecification","valueRequired":true,"valueName":"search_term_string"}}],"inLanguage":"en-CA"},{"@type":"Person","@id":"https:\/\/www.legroupemaurice.com\/en\/#\/schema\/person\/ca0a9660a44a52c8165b61f1300babd8","name":"Annabel Sanz","image":{"@type":"ImageObject","inLanguage":"en-CA","@id":"https:\/\/secure.gravatar.com\/avatar\/f9db70a58befdee05e44020ef3472f793ff85149953a6b516665ee5186912539?s=96&d=mm&r=g","url":"https:\/\/secure.gravatar.com\/avatar\/f9db70a58befdee05e44020ef3472f793ff85149953a6b516665ee5186912539?s=96&d=mm&r=g","contentUrl":"https:\/\/secure.gravatar.com\/avatar\/f9db70a58befdee05e44020ef3472f793ff85149953a6b516665ee5186912539?s=96&d=mm&r=g","caption":"Annabel Sanz"},"url":"https:\/\/www.legroupemaurice.com\/en\/articles\/author\/asanz\/"}]}},"_links":{"self":[{"href":"https:\/\/www.legroupemaurice.com\/en\/wp-json\/wp\/v2\/posts\/27855","targetHints":{"allow":["GET"]}}],"collection":[{"href":"https:\/\/www.legroupemaurice.com\/en\/wp-json\/wp\/v2\/posts"}],"about":[{"href":"https:\/\/www.legroupemaurice.com\/en\/wp-json\/wp\/v2\/types\/post"}],"author":[{"embeddable":true,"href":"https:\/\/www.legroupemaurice.com\/en\/wp-json\/wp\/v2\/users\/2"}],"replies":[{"embeddable":true,"href":"https:\/\/www.legroupemaurice.com\/en\/wp-json\/wp\/v2\/comments?post=27855"}],"version-history":[{"count":2,"href":"https:\/\/www.legroupemaurice.com\/en\/wp-json\/wp\/v2\/posts\/27855\/revisions"}],"predecessor-version":[{"id":27882,"href":"https:\/\/www.legroupemaurice.com\/en\/wp-json\/wp\/v2\/posts\/27855\/revisions\/27882"}],"wp:featuredmedia":[{"embeddable":true,"href":"https:\/\/www.legroupemaurice.com\/en\/wp-json\/wp\/v2\/media\/27874"}],"wp:attachment":[{"href":"https:\/\/www.legroupemaurice.com\/en\/wp-json\/wp\/v2\/media?parent=27855"}],"wp:term":[{"taxonomy":"category","embeddable":true,"href":"https:\/\/www.legroupemaurice.com\/en\/wp-json\/wp\/v2\/categories?post=27855"},{"taxonomy":"post_tag","embeddable":true,"href":"https:\/\/www.legroupemaurice.com\/en\/wp-json\/wp\/v2\/tags?post=27855"}],"curies":[{"name":"wp","href":"https:\/\/api.w.org\/{rel}","templated":true}]}}