{"id":33491,"date":"2025-10-30T12:54:41","date_gmt":"2025-10-30T16:54:41","guid":{"rendered":"https:\/\/www.legroupemaurice.com\/?p=33491"},"modified":"2025-10-30T13:27:14","modified_gmt":"2025-10-30T17:27:14","slug":"rqra-gala-le-groupe-maurice-shines","status":"publish","type":"post","link":"https:\/\/www.legroupemaurice.com\/en\/articles\/rqra-gala-le-groupe-maurice-shines\/","title":{"rendered":"RQRA Gala: Le Groupe Maurice Shines!"},"content":{"rendered":"<p><strong>On October 23, the Regroupement qu\u00e9b\u00e9cois des r\u00e9sidences pour a\u00een\u00e9s (RQRA) held its annual gala at the <em>Palais des congr\u00e8s de Montr\u00e9al<\/em>, presenting awards that highlighted the achievements of residences and employees across the industry. Le Groupe Maurice was proud to have several finalists among its ranks, including a Living Environment Manager who took home the \u201cCoup de c\u0153ur du jury\u201d <em>(Jury\u2019s Choice Award)<\/em>.<\/strong><\/p>\n<p>&nbsp;<\/p>\n<h2>A memorable RQRA congress<\/h2>\n<p>The RQRA gala wraps up two days of conference activities each year, showcasing inspiring industry practices and initiatives at its renowned awards ceremony. The event is also an opportunity for managers, owners or employees of seniors\u2019 residences to gather, connect and celebrate after seeing some of their projects recognized during the presentation of the various Prix Reconnaissance awards at the gala.<\/p>\n<p>These awards, which highlight excellence, innovation and dedication in Quebec\u2019s private seniors\u2019 residences, fall into four categories: the Prix Culinaire (quality cuisine), the Prix Distinction (outstanding projects), the Prix Ambassadeur (engaged employees and inspiring managers) and the Prix Partenaire (trusted suppliers).<\/p>\n<p>&nbsp;<\/p>\n<h2>Finalists\u2026 and a winner!<\/h2>\n<p>Among the finalists at the gala, Le Groupe Maurice counted four of its employees or residences:<\/p>\n<ul>\n<li>Prix Ambassadeur\u00a0\u2013\u00a0Engagement exceptionnel <em>(Ambassador Award\u00a0\u2013\u00a0Outstanding Dedication)<\/em>: Dominique Miljour, Living Environment Manager at <strong>Le F\u00e9lix<\/strong> and Gabriel Brien-B\u00e9rard, Living Environment Manager at <strong>Le Cavalier<\/strong><\/li>\n<li>Prix Distinction\u00a0\u2013\u00a0Implication sociale <em>(Distinction Award\u00a0\u2013\u00a0Social Engagement)<\/em>: <strong>Bor\u00e9a<\/strong>, for its <a href=\"https:\/\/www.legroupemaurice.com\/en\/articles\/maternity-cafes-uniting-generations-in-a-unique-way\/\">Maternity Caf\u00e9 <\/a>project<\/li>\n<li>Prix Distinction\u00a0\u2013\u00a0Environnement <em>(Distinction Award\u00a0\u2013\u00a0Environment)<\/em>: <strong>Les Jardins Millen<\/strong>, for its residual materials management initiative (also implemented in several other Le Groupe Maurice residences as part of the company\u2019s ESG strategy)<\/li>\n<\/ul>\n<p><strong>The gala concluded with Dominique Miljour, Living Environment Manager at Le F\u00e9lix, being honoured with the prestigious \u201cCoup de c\u0153ur du jury\u201d <em>(Jury\u2019s Choice Award)<\/em>.<\/strong> This award is presented to one of the finalists who impressed the judges with their commitment and humanity.<\/p>\n<p><strong>\u201cWe are thrilled, though not at all surprised, to see Dominique recognized at the gala! Her initiative, passion and generosity shone through when she went above and beyond to organize the wedding of a resident couple in love, even though the man was at the end of his life. It was an unforgettable moment that brought joy to Le F\u00e9lix this year for both staff and residents,\u201d<\/strong> said Olivier Michaud, General Manager of <a href=\"https:\/\/www.legroupemaurice.com\/en\/residences\/le-felix\/\">Le F\u00e9lix<\/a>.<\/p>\n<p>This deeply altruistic initiative perfectly reflects the values lived every day in our residences. The moving testimony shared by Dominique Miljour only heightened Le Groupe Maurice\u2019s pride in the people who work within the organization.<\/p>\n<p>&nbsp;<\/p>\n<p><strong>Congratulations to Dominique, as well as to all <\/strong><a href=\"https:\/\/www.rqra.qc.ca\/rqra\/who-are-we--\/about-us\"><strong>RQRA<\/strong><\/a><strong> gala nominees, for the dedication they demonstrate every day in seniors\u2019 residences, making each living environment a great place to live and work.<\/strong><strong> We all share the responsibility of supporting healthy aging in society, and every caring gesture counts, whether acknowledged or not. <\/strong><\/p>\n","protected":false},"excerpt":{"rendered":"<p>On October 23, the Regroupement qu\u00e9b\u00e9cois des r\u00e9sidences pour a\u00een\u00e9s (RQRA) held its annual gala at the Palais des congr\u00e8s&#8230;<\/p>\n","protected":false},"author":2,"featured_media":33474,"comment_status":"closed","ping_status":"closed","sticky":false,"template":"","format":"standard","meta":{"_acf_changed":false,"inline_featured_image":false,"footnotes":""},"categories":[2,60],"tags":[],"class_list":["post-33491","post","type-post","status-publish","format-standard","has-post-thumbnail","hentry","category-uncategorized","category-actualities"],"acf":[],"yoast_head":"<!-- This site is optimized with the Yoast SEO Premium plugin v27.4 (Yoast SEO v27.4) - https:\/\/yoast.com\/product\/yoast-seo-premium-wordpress\/ -->\n<title>RQRA Gala: Le Groupe Maurice Shines! | Le Groupe Maurice<\/title>\n<meta name=\"description\" content=\"On October 23, the RQRA held its annual gala presenting awards that highlighted the achievements of residences and employees.\" \/>\n<meta name=\"robots\" content=\"index, follow, max-snippet:-1, max-image-preview:large, max-video-preview:-1\" \/>\n<link rel=\"canonical\" href=\"https:\/\/www.legroupemaurice.com\/en\/articles\/rqra-gala-le-groupe-maurice-shines\/\" \/>\n<meta property=\"og:locale\" content=\"en_US\" \/>\n<meta property=\"og:type\" content=\"article\" \/>\n<meta property=\"og:title\" content=\"RQRA Gala: Le Groupe Maurice Shines!\" \/>\n<meta property=\"og:description\" content=\"On October 23, the RQRA held its annual gala presenting awards that highlighted the achievements of residences and employees.\" \/>\n<meta property=\"og:url\" content=\"https:\/\/www.legroupemaurice.com\/en\/articles\/rqra-gala-le-groupe-maurice-shines\/\" \/>\n<meta property=\"og:site_name\" content=\"Le Groupe Maurice\" \/>\n<meta property=\"article:publisher\" content=\"https:\/\/www.facebook.com\/legroupemaurice\/\" \/>\n<meta property=\"article:published_time\" content=\"2025-10-30T16:54:41+00:00\" \/>\n<meta property=\"article:modified_time\" content=\"2025-10-30T17:27:14+00:00\" \/>\n<meta property=\"og:image\" content=\"https:\/\/groupemaurice.tor1.digitaloceanspaces.com\/app\/uploads\/2025\/10\/RQRA-2025-1-copy-1.png\" \/>\n\t<meta property=\"og:image:width\" content=\"960\" \/>\n\t<meta property=\"og:image:height\" content=\"720\" \/>\n\t<meta property=\"og:image:type\" content=\"image\/png\" \/>\n<meta name=\"author\" content=\"Annabel Sanz\" \/>\n<meta name=\"twitter:card\" content=\"summary_large_image\" \/>\n<meta name=\"twitter:label1\" content=\"Written by\" \/>\n\t<meta name=\"twitter:data1\" content=\"Annabel Sanz\" \/>\n\t<meta name=\"twitter:label2\" content=\"Est. reading time\" \/>\n\t<meta name=\"twitter:data2\" content=\"3 minutes\" \/>\n<script type=\"application\/ld+json\" class=\"yoast-schema-graph\">{\"@context\":\"https:\\\/\\\/schema.org\",\"@graph\":[{\"@type\":\"Article\",\"@id\":\"https:\\\/\\\/www.legroupemaurice.com\\\/en\\\/articles\\\/rqra-gala-le-groupe-maurice-shines\\\/#article\",\"isPartOf\":{\"@id\":\"https:\\\/\\\/www.legroupemaurice.com\\\/en\\\/articles\\\/rqra-gala-le-groupe-maurice-shines\\\/\"},\"author\":{\"name\":\"Annabel Sanz\",\"@id\":\"https:\\\/\\\/www.legroupemaurice.com\\\/en\\\/#\\\/schema\\\/person\\\/ca0a9660a44a52c8165b61f1300babd8\"},\"headline\":\"RQRA Gala: Le Groupe Maurice Shines!\",\"datePublished\":\"2025-10-30T16:54:41+00:00\",\"dateModified\":\"2025-10-30T17:27:14+00:00\",\"mainEntityOfPage\":{\"@id\":\"https:\\\/\\\/www.legroupemaurice.com\\\/en\\\/articles\\\/rqra-gala-le-groupe-maurice-shines\\\/\"},\"wordCount\":493,\"image\":{\"@id\":\"https:\\\/\\\/www.legroupemaurice.com\\\/en\\\/articles\\\/rqra-gala-le-groupe-maurice-shines\\\/#primaryimage\"},\"thumbnailUrl\":\"https:\\\/\\\/groupemaurice.tor1.digitaloceanspaces.com\\\/app\\\/uploads\\\/2025\\\/10\\\/RQRA-2025-1-copy-1.png\",\"articleSection\":{\"1\":\"Actualities\"},\"inLanguage\":\"en-CA\"},{\"@type\":\"WebPage\",\"@id\":\"https:\\\/\\\/www.legroupemaurice.com\\\/en\\\/articles\\\/rqra-gala-le-groupe-maurice-shines\\\/\",\"url\":\"https:\\\/\\\/www.legroupemaurice.com\\\/en\\\/articles\\\/rqra-gala-le-groupe-maurice-shines\\\/\",\"name\":\"RQRA Gala: Le Groupe Maurice Shines! | Le Groupe Maurice\",\"isPartOf\":{\"@id\":\"https:\\\/\\\/www.legroupemaurice.com\\\/en\\\/#website\"},\"primaryImageOfPage\":{\"@id\":\"https:\\\/\\\/www.legroupemaurice.com\\\/en\\\/articles\\\/rqra-gala-le-groupe-maurice-shines\\\/#primaryimage\"},\"image\":{\"@id\":\"https:\\\/\\\/www.legroupemaurice.com\\\/en\\\/articles\\\/rqra-gala-le-groupe-maurice-shines\\\/#primaryimage\"},\"thumbnailUrl\":\"https:\\\/\\\/groupemaurice.tor1.digitaloceanspaces.com\\\/app\\\/uploads\\\/2025\\\/10\\\/RQRA-2025-1-copy-1.png\",\"datePublished\":\"2025-10-30T16:54:41+00:00\",\"dateModified\":\"2025-10-30T17:27:14+00:00\",\"author\":{\"@id\":\"https:\\\/\\\/www.legroupemaurice.com\\\/en\\\/#\\\/schema\\\/person\\\/ca0a9660a44a52c8165b61f1300babd8\"},\"description\":\"On October 23, the RQRA held its annual gala presenting awards that highlighted the achievements of residences and employees.\",\"breadcrumb\":{\"@id\":\"https:\\\/\\\/www.legroupemaurice.com\\\/en\\\/articles\\\/rqra-gala-le-groupe-maurice-shines\\\/#breadcrumb\"},\"inLanguage\":\"en-CA\",\"potentialAction\":[{\"@type\":\"ReadAction\",\"target\":[\"https:\\\/\\\/www.legroupemaurice.com\\\/en\\\/articles\\\/rqra-gala-le-groupe-maurice-shines\\\/\"]}]},{\"@type\":\"ImageObject\",\"inLanguage\":\"en-CA\",\"@id\":\"https:\\\/\\\/www.legroupemaurice.com\\\/en\\\/articles\\\/rqra-gala-le-groupe-maurice-shines\\\/#primaryimage\",\"url\":\"https:\\\/\\\/groupemaurice.tor1.digitaloceanspaces.com\\\/app\\\/uploads\\\/2025\\\/10\\\/RQRA-2025-1-copy-1.png\",\"contentUrl\":\"https:\\\/\\\/groupemaurice.tor1.digitaloceanspaces.com\\\/app\\\/uploads\\\/2025\\\/10\\\/RQRA-2025-1-copy-1.png\",\"width\":960,\"height\":720,\"caption\":\"Gala RQRA : Le Groupe Maurice s\u2019illustre\u2009! - Le Groupe Maurice - R\u00e9sidences pour personnes \u00e2g\u00e9es\"},{\"@type\":\"BreadcrumbList\",\"@id\":\"https:\\\/\\\/www.legroupemaurice.com\\\/en\\\/articles\\\/rqra-gala-le-groupe-maurice-shines\\\/#breadcrumb\",\"itemListElement\":[{\"@type\":\"ListItem\",\"position\":1,\"name\":\"Home\",\"item\":\"https:\\\/\\\/www.legroupemaurice.com\\\/en\\\/\"},{\"@type\":\"ListItem\",\"position\":2,\"name\":\"RQRA Gala: Le Groupe Maurice Shines!\"}]},{\"@type\":\"WebSite\",\"@id\":\"https:\\\/\\\/www.legroupemaurice.com\\\/en\\\/#website\",\"url\":\"https:\\\/\\\/www.legroupemaurice.com\\\/en\\\/\",\"name\":\"Le Groupe Maurice\",\"description\":\"\",\"potentialAction\":[{\"@type\":\"SearchAction\",\"target\":{\"@type\":\"EntryPoint\",\"urlTemplate\":\"https:\\\/\\\/www.legroupemaurice.com\\\/en\\\/?s={search_term_string}\"},\"query-input\":{\"@type\":\"PropertyValueSpecification\",\"valueRequired\":true,\"valueName\":\"search_term_string\"}}],\"inLanguage\":\"en-CA\"},{\"@type\":\"Person\",\"@id\":\"https:\\\/\\\/www.legroupemaurice.com\\\/en\\\/#\\\/schema\\\/person\\\/ca0a9660a44a52c8165b61f1300babd8\",\"name\":\"Annabel Sanz\",\"image\":{\"@type\":\"ImageObject\",\"inLanguage\":\"en-CA\",\"@id\":\"https:\\\/\\\/secure.gravatar.com\\\/avatar\\\/f9db70a58befdee05e44020ef3472f793ff85149953a6b516665ee5186912539?s=96&d=mm&r=g\",\"url\":\"https:\\\/\\\/secure.gravatar.com\\\/avatar\\\/f9db70a58befdee05e44020ef3472f793ff85149953a6b516665ee5186912539?s=96&d=mm&r=g\",\"contentUrl\":\"https:\\\/\\\/secure.gravatar.com\\\/avatar\\\/f9db70a58befdee05e44020ef3472f793ff85149953a6b516665ee5186912539?s=96&d=mm&r=g\",\"caption\":\"Annabel Sanz\"},\"url\":\"https:\\\/\\\/www.legroupemaurice.com\\\/en\\\/articles\\\/author\\\/asanz\\\/\"}]}<\/script>\n<!-- \/ Yoast SEO Premium plugin. -->","yoast_head_json":{"title":"RQRA Gala: Le Groupe Maurice Shines! | Le Groupe Maurice","description":"On October 23, the RQRA held its annual gala presenting awards that highlighted the achievements of residences and employees.","robots":{"index":"index","follow":"follow","max-snippet":"max-snippet:-1","max-image-preview":"max-image-preview:large","max-video-preview":"max-video-preview:-1"},"canonical":"https:\/\/www.legroupemaurice.com\/en\/articles\/rqra-gala-le-groupe-maurice-shines\/","og_locale":"en_US","og_type":"article","og_title":"RQRA Gala: Le Groupe Maurice Shines!","og_description":"On October 23, the RQRA held its annual gala presenting awards that highlighted the achievements of residences and employees.","og_url":"https:\/\/www.legroupemaurice.com\/en\/articles\/rqra-gala-le-groupe-maurice-shines\/","og_site_name":"Le Groupe Maurice","article_publisher":"https:\/\/www.facebook.com\/legroupemaurice\/","article_published_time":"2025-10-30T16:54:41+00:00","article_modified_time":"2025-10-30T17:27:14+00:00","og_image":[{"width":960,"height":720,"url":"https:\/\/groupemaurice.tor1.digitaloceanspaces.com\/app\/uploads\/2025\/10\/RQRA-2025-1-copy-1.png","type":"image\/png"}],"author":"Annabel Sanz","twitter_card":"summary_large_image","twitter_misc":{"Written by":"Annabel Sanz","Est. reading time":"3 minutes"},"schema":{"@context":"https:\/\/schema.org","@graph":[{"@type":"Article","@id":"https:\/\/www.legroupemaurice.com\/en\/articles\/rqra-gala-le-groupe-maurice-shines\/#article","isPartOf":{"@id":"https:\/\/www.legroupemaurice.com\/en\/articles\/rqra-gala-le-groupe-maurice-shines\/"},"author":{"name":"Annabel Sanz","@id":"https:\/\/www.legroupemaurice.com\/en\/#\/schema\/person\/ca0a9660a44a52c8165b61f1300babd8"},"headline":"RQRA Gala: Le Groupe Maurice Shines!","datePublished":"2025-10-30T16:54:41+00:00","dateModified":"2025-10-30T17:27:14+00:00","mainEntityOfPage":{"@id":"https:\/\/www.legroupemaurice.com\/en\/articles\/rqra-gala-le-groupe-maurice-shines\/"},"wordCount":493,"image":{"@id":"https:\/\/www.legroupemaurice.com\/en\/articles\/rqra-gala-le-groupe-maurice-shines\/#primaryimage"},"thumbnailUrl":"https:\/\/groupemaurice.tor1.digitaloceanspaces.com\/app\/uploads\/2025\/10\/RQRA-2025-1-copy-1.png","articleSection":{"1":"Actualities"},"inLanguage":"en-CA"},{"@type":"WebPage","@id":"https:\/\/www.legroupemaurice.com\/en\/articles\/rqra-gala-le-groupe-maurice-shines\/","url":"https:\/\/www.legroupemaurice.com\/en\/articles\/rqra-gala-le-groupe-maurice-shines\/","name":"RQRA Gala: Le Groupe Maurice Shines! | Le Groupe Maurice","isPartOf":{"@id":"https:\/\/www.legroupemaurice.com\/en\/#website"},"primaryImageOfPage":{"@id":"https:\/\/www.legroupemaurice.com\/en\/articles\/rqra-gala-le-groupe-maurice-shines\/#primaryimage"},"image":{"@id":"https:\/\/www.legroupemaurice.com\/en\/articles\/rqra-gala-le-groupe-maurice-shines\/#primaryimage"},"thumbnailUrl":"https:\/\/groupemaurice.tor1.digitaloceanspaces.com\/app\/uploads\/2025\/10\/RQRA-2025-1-copy-1.png","datePublished":"2025-10-30T16:54:41+00:00","dateModified":"2025-10-30T17:27:14+00:00","author":{"@id":"https:\/\/www.legroupemaurice.com\/en\/#\/schema\/person\/ca0a9660a44a52c8165b61f1300babd8"},"description":"On October 23, the RQRA held its annual gala presenting awards that highlighted the achievements of residences and employees.","breadcrumb":{"@id":"https:\/\/www.legroupemaurice.com\/en\/articles\/rqra-gala-le-groupe-maurice-shines\/#breadcrumb"},"inLanguage":"en-CA","potentialAction":[{"@type":"ReadAction","target":["https:\/\/www.legroupemaurice.com\/en\/articles\/rqra-gala-le-groupe-maurice-shines\/"]}]},{"@type":"ImageObject","inLanguage":"en-CA","@id":"https:\/\/www.legroupemaurice.com\/en\/articles\/rqra-gala-le-groupe-maurice-shines\/#primaryimage","url":"https:\/\/groupemaurice.tor1.digitaloceanspaces.com\/app\/uploads\/2025\/10\/RQRA-2025-1-copy-1.png","contentUrl":"https:\/\/groupemaurice.tor1.digitaloceanspaces.com\/app\/uploads\/2025\/10\/RQRA-2025-1-copy-1.png","width":960,"height":720,"caption":"Gala RQRA : Le Groupe Maurice s\u2019illustre\u2009! - Le Groupe Maurice - R\u00e9sidences pour personnes \u00e2g\u00e9es"},{"@type":"BreadcrumbList","@id":"https:\/\/www.legroupemaurice.com\/en\/articles\/rqra-gala-le-groupe-maurice-shines\/#breadcrumb","itemListElement":[{"@type":"ListItem","position":1,"name":"Home","item":"https:\/\/www.legroupemaurice.com\/en\/"},{"@type":"ListItem","position":2,"name":"RQRA Gala: Le Groupe Maurice Shines!"}]},{"@type":"WebSite","@id":"https:\/\/www.legroupemaurice.com\/en\/#website","url":"https:\/\/www.legroupemaurice.com\/en\/","name":"Le Groupe Maurice","description":"","potentialAction":[{"@type":"SearchAction","target":{"@type":"EntryPoint","urlTemplate":"https:\/\/www.legroupemaurice.com\/en\/?s={search_term_string}"},"query-input":{"@type":"PropertyValueSpecification","valueRequired":true,"valueName":"search_term_string"}}],"inLanguage":"en-CA"},{"@type":"Person","@id":"https:\/\/www.legroupemaurice.com\/en\/#\/schema\/person\/ca0a9660a44a52c8165b61f1300babd8","name":"Annabel Sanz","image":{"@type":"ImageObject","inLanguage":"en-CA","@id":"https:\/\/secure.gravatar.com\/avatar\/f9db70a58befdee05e44020ef3472f793ff85149953a6b516665ee5186912539?s=96&d=mm&r=g","url":"https:\/\/secure.gravatar.com\/avatar\/f9db70a58befdee05e44020ef3472f793ff85149953a6b516665ee5186912539?s=96&d=mm&r=g","contentUrl":"https:\/\/secure.gravatar.com\/avatar\/f9db70a58befdee05e44020ef3472f793ff85149953a6b516665ee5186912539?s=96&d=mm&r=g","caption":"Annabel Sanz"},"url":"https:\/\/www.legroupemaurice.com\/en\/articles\/author\/asanz\/"}]}},"_links":{"self":[{"href":"https:\/\/www.legroupemaurice.com\/en\/wp-json\/wp\/v2\/posts\/33491","targetHints":{"allow":["GET"]}}],"collection":[{"href":"https:\/\/www.legroupemaurice.com\/en\/wp-json\/wp\/v2\/posts"}],"about":[{"href":"https:\/\/www.legroupemaurice.com\/en\/wp-json\/wp\/v2\/types\/post"}],"author":[{"embeddable":true,"href":"https:\/\/www.legroupemaurice.com\/en\/wp-json\/wp\/v2\/users\/2"}],"replies":[{"embeddable":true,"href":"https:\/\/www.legroupemaurice.com\/en\/wp-json\/wp\/v2\/comments?post=33491"}],"version-history":[{"count":3,"href":"https:\/\/www.legroupemaurice.com\/en\/wp-json\/wp\/v2\/posts\/33491\/revisions"}],"predecessor-version":[{"id":33499,"href":"https:\/\/www.legroupemaurice.com\/en\/wp-json\/wp\/v2\/posts\/33491\/revisions\/33499"}],"wp:featuredmedia":[{"embeddable":true,"href":"https:\/\/www.legroupemaurice.com\/en\/wp-json\/wp\/v2\/media\/33474"}],"wp:attachment":[{"href":"https:\/\/www.legroupemaurice.com\/en\/wp-json\/wp\/v2\/media?parent=33491"}],"wp:term":[{"taxonomy":"category","embeddable":true,"href":"https:\/\/www.legroupemaurice.com\/en\/wp-json\/wp\/v2\/categories?post=33491"},{"taxonomy":"post_tag","embeddable":true,"href":"https:\/\/www.legroupemaurice.com\/en\/wp-json\/wp\/v2\/tags?post=33491"}],"curies":[{"name":"wp","href":"https:\/\/api.w.org\/{rel}","templated":true}]}}