{"id":34132,"date":"2026-01-30T08:09:36","date_gmt":"2026-01-30T13:09:36","guid":{"rendered":"https:\/\/www.legroupemaurice.com\/?p=34132"},"modified":"2026-01-30T08:09:36","modified_gmt":"2026-01-30T13:09:36","slug":"interview-with-joelle-beaulieu-general-manager-of-le-savignon","status":"publish","type":"post","link":"https:\/\/www.legroupemaurice.com\/en\/articles\/interview-with-joelle-beaulieu-general-manager-of-le-savignon\/","title":{"rendered":"Interview with Jo\u00eblle Beaulieu, General Manager of Le Savignon"},"content":{"rendered":"<p><strong>Jo\u00eblle Beaulieu has held the position of general manager at <a href=\"https:\/\/www.legroupemaurice.com\/en\/residences\/le-savignon\/\" target=\"_blank\" rel=\"noopener\">Le Savignon<\/a> residence in Montreal\u2019s Lachine district since December 2025. Known for her warmth and gentle nature, she had long aspired to work in the retirement residence sector. She has thus embraced this new stage of her career with great enthusiasm. Meet a woman with a heart of gold!<\/strong><\/p>\n<p>&nbsp;<\/p>\n<p><strong>Jo\u00eblle, tell us about your professional journey. <\/strong><\/p>\n<p>I spent much of my career in the hospitality industry before transitioning into human resources (HR) in 2019. In recent years, I\u2019ve focused heavily on team leadership and coaching. In HR, we frequently navigate gray areas, and I\u2019ve helped managers handle complex situations. Over time, I\u2019ve built a strong professional toolkit, and I\u2019m confident that the skills I\u2019ve gained will help me succeed in my role as general manager.<\/p>\n<p>&nbsp;<\/p>\n<p><strong>So, what inspired you to pursue a career in senior living?<\/strong><\/p>\n<p>I felt a strong need to reconnect with people and with the field. That practical, human side was what I had been missing most, and I\u2019ve long been drawn to the senior residence sector. Le Groupe Maurice truly felt like a professional match made in heaven. Its mission, vision and values really speak to me; I had a sense that we were the right fit for each other. So when the opportunity to join the company arose, I didn\u2019t hesitate for a second!<\/p>\n<p>What\u2019s more, Le Savignon is just 10 minutes from where I live. I\u2019ve been in the neighbourhood for almost 20\u00a0years, so I know it extremely well. I think that\u2019s fantastic, and it\u2019s a real advantage when something needs to be handled outside regular office hours. Le Savignon truly feels like an extension of my home.<\/p>\n<p>&nbsp;<\/p>\n<p><strong>What do you find most fulfilling about working with older individuals?<\/strong><\/p>\n<p>It\u2019s knowing that what our team and I do every day can have a positive and concrete effect on their well-being. Since my arrival, I&#8217;ve established a small routine where I take the time to chat with the residents. These exchanges, even if simple or brief, allow me to better understand their real needs and contribute to their quality of life.<\/p>\n<p><strong>\u00a0<\/strong><\/p>\n<p><strong>Exactly, what do older people bring to you personally and professionally?<\/strong><\/p>\n<p>It\u2019s incredibly enriching on a personal level, because they give me their time. Our conversations are about the residence, of course, but also about their life journeys and experiences. They share their thoughts on current events too, and I love hearing their perspectives\u00a0\u2013\u00a0it helps me learn and even see things in a new way. When I arrived at Le Savignon, I honestly felt a spontaneous wave of warmth and affection. People are so generous, and they give real meaning to my work. I like knowing that the decisions the department heads and I make can truly make a difference in the residents\u2019 lives. That\u2019s deeply motivating for me.<\/p>\n<p><strong>\u00a0<\/strong><\/p>\n<p><strong>Which aspects of your background do you think will be useful at Le Savignon?<\/strong><\/p>\n<p>My background in hospitality management will definitely be an asset, since there are many operational similarities. The team support and coaching skills I\u2019ve developed over the years are also extremely valuable. As I mentioned earlier, my diverse experiences have allowed me to fill my \u201ctoolbox\u201d and better prepare for this wonderful challenge. Of course, I still need to get to know this new sector better, and that means understanding the residents\u2019 needs and preferences.<\/p>\n<p>My background in human resources has allowed me to develop within varied and complex environments, often characterized by rapid change and gray areas. At the heart of these contexts, the quality of human relationships and the ability to build bonds of trust have always been essential. I believe these experiences help me integrate more easily into my new environment. In other words, I have a good ability to adapt.<\/p>\n<p>&nbsp;<\/p>\n<p><strong>Besides this ability to adapt, what are your main strengths and qualities?<\/strong><\/p>\n<p>I\u2019m known for being thorough, consistent and empathetic. Collaboration is important to me, and people often describe me as warm, calm and attentive. Working in HR requires listening to every side in order to find solutions, so conflict resolution and mediation are among my key strengths.<\/p>\n<p><strong>\u00a0<\/strong><\/p>\n<p><strong>In closing, do you have a message to share with the residents of Le Savignon?<\/strong><\/p>\n<p>First, I\u2019d like to say how grateful I am for the warm welcome I\u2019ve received. I truly value the genuine conversations I\u2019ve shared with residents since I arrived. It\u2019s important to me to understand what people think, and their perspectives are essential in helping our team grow and improve. Above all, I want residents to know that I\u2019m honoured to be part of the Le Savignon community and that I\u2019m committed to making their experience here a meaningful and fulfilling one.<\/p>\n<p><strong><br \/>\nThank you for your answers, Jo\u00eblle. Now, let\u2019s move on to a series of lighter questions.<\/strong><\/p>\n<p><strong>So\u2026 what\u2019s your favourite sport?<\/strong><\/p>\n<p>I practice Pilates and yoga at home. Since it\u2019s simple, I can easily fit it into my schedule. But when I really want to enjoy myself, I go on nature hikes\u00a0\u2013\u00a0they give me a real boost! Plus, it\u2019s a great way to explore Quebec\u2019s stunning scenery.<\/p>\n<p><strong>What song moves you the most? <\/strong><\/p>\n<p>Music is incredibly important to me\u00a0\u2013\u00a0it\u2019s part of my daily life. Picking just one song is tough, but <a href=\"https:\/\/www.youtube.com\/watch?v=3ylLxZx-nnE\"><em>No\u00ebl au camp<\/em><\/a> by Tex Lecor is a family favourite. Its lyrics remind me of my grandfather on my father\u2019s side, who worked in logging camps. The song also tells an important part of our history and reflects a remarkably resilient generation. Talking about it brings back emotions every time!<\/p>\n<p><strong>What meal could you enjoy eating every single day?<\/strong><\/p>\n<p>My mother\u2019s lasagna! I\u2019m a big foodie and love all things culinary. I enjoy trying new dishes, but lasagna is my go-to favorite\u00a0\u2013\u00a0probably because it reminds me of my childhood.<\/p>\n<p><strong>Which book is currently on your bedside table?<\/strong><\/p>\n<p>I just finished reading <em>Tout est ori<\/em> by Paul Serge Forest. You know how sometimes it takes a few chapters to really get into a story? That wasn\u2019t the case here. From the very first pages, I was captivated by the world and the very distinctive characters, and it\u2019s inspired me to plan a trip to the C\u00f4te-Nord with my family next summer.<\/p>\n<p><strong>Which famous person would you love to spend some time with?<\/strong><\/p>\n<p>I would have loved to meet the anthropologist Serge Bouchard, who co-hosted the radio show <em>C\u2019est fou<\/em> with Jean-Philippe Pleau. The way he presented ideas made you see things differently. His weekly readings usually happened just as we were returning from the cottage\u2026 It was so comforting, and his voice, full of wisdom, had a way of taking us on a journey.<\/p>\n<p><strong>Where would you really like to travel to?<\/strong><\/p>\n<p>To Japan! It\u2019s the country that has fascinated me the most since my teenage years. The food, the mangas, the animes, the culture\u2026 Going there with my husband and children is definitely on my bucket list!<\/p>\n<p><strong>Who has inspired you the most in your life?<\/strong><\/p>\n<p>I was very fortunate to be close to my paternal grandparents. My grandmother is still with us\u00a0\u2013\u00a0she\u2019ll be 100 soon\u00a0\u2013\u00a0and I see her every week. Though she grew up in modest circumstances, she always made sure no one went without. She ran her home with absolute care and instilled in me a love for doing things well.<\/p>\n<p><strong>Which superpower would you like to have, and what would you do with it?<\/strong><\/p>\n<p>I would like to instill everyone with more empathy and kindness. Too often, people or groups make decisions out of self-interest, which is such a shame. I would like people to consider the well-being of others.<\/p>\n<p><strong>Jo\u00eblle, thank you for this lovely interview. Welcome to Le Groupe Maurice\u00a0\u2013\u00a0we wish you all the best in your new community.<\/strong><\/p>\n<p>&nbsp;<\/p>\n<p>&nbsp;<\/p>\n","protected":false},"excerpt":{"rendered":"<p>Jo\u00eblle Beaulieu has held the position of general manager at Le Savignon residence in Montreal\u2019s Lachine district since December 2025&#8230;.<\/p>\n","protected":false},"author":2,"featured_media":34129,"comment_status":"closed","ping_status":"closed","sticky":false,"template":"","format":"standard","meta":{"_acf_changed":false,"inline_featured_image":false,"footnotes":""},"categories":[60],"tags":[],"class_list":["post-34132","post","type-post","status-publish","format-standard","has-post-thumbnail","hentry","category-actualities"],"acf":[],"yoast_head":"<!-- This site is optimized with the Yoast SEO Premium plugin v27.4 (Yoast SEO v27.4) - https:\/\/yoast.com\/product\/yoast-seo-premium-wordpress\/ -->\n<title>Interview with Jo\u00eblle Beaulieu, General Manager of Le Savignon | Le Groupe Maurice<\/title>\n<meta name=\"description\" content=\"Jo\u00eblle Beaulieu has held the position of general manager of Le Savignon residence in Montreal\u2019s Lachine district since December 2025.\" \/>\n<meta name=\"robots\" content=\"index, follow, max-snippet:-1, max-image-preview:large, max-video-preview:-1\" \/>\n<link rel=\"canonical\" href=\"https:\/\/www.legroupemaurice.com\/en\/articles\/interview-with-joelle-beaulieu-general-manager-of-le-savignon\/\" \/>\n<meta property=\"og:locale\" content=\"en_US\" \/>\n<meta property=\"og:type\" content=\"article\" \/>\n<meta property=\"og:title\" content=\"Interview with Jo\u00eblle Beaulieu, General Manager of Le Savignon\" \/>\n<meta property=\"og:description\" content=\"Jo\u00eblle Beaulieu has held the position of general manager of Le Savignon residence in Montreal\u2019s Lachine district since December 2025.\" \/>\n<meta property=\"og:url\" content=\"https:\/\/www.legroupemaurice.com\/en\/articles\/interview-with-joelle-beaulieu-general-manager-of-le-savignon\/\" \/>\n<meta property=\"og:site_name\" content=\"Le Groupe Maurice\" \/>\n<meta property=\"article:publisher\" content=\"https:\/\/www.facebook.com\/legroupemaurice\/\" \/>\n<meta property=\"article:published_time\" content=\"2026-01-30T13:09:36+00:00\" \/>\n<meta property=\"og:image\" content=\"https:\/\/groupemaurice.tor1.digitaloceanspaces.com\/app\/uploads\/2026\/01\/SAV-2026-01-DG-Residence-Joelle-Beaulieu-Nouvelle-2420x1816-1-2000x1501.webp\" \/>\n\t<meta property=\"og:image:width\" content=\"2000\" \/>\n\t<meta property=\"og:image:height\" content=\"1501\" \/>\n\t<meta property=\"og:image:type\" content=\"image\/webp\" \/>\n<meta name=\"author\" content=\"Annabel Sanz\" \/>\n<meta name=\"twitter:card\" content=\"summary_large_image\" \/>\n<meta name=\"twitter:label1\" content=\"Written by\" \/>\n\t<meta name=\"twitter:data1\" content=\"Annabel Sanz\" \/>\n\t<meta name=\"twitter:label2\" content=\"Est. reading time\" \/>\n\t<meta name=\"twitter:data2\" content=\"7 minutes\" \/>\n<script type=\"application\/ld+json\" class=\"yoast-schema-graph\">{\"@context\":\"https:\\\/\\\/schema.org\",\"@graph\":[{\"@type\":\"Article\",\"@id\":\"https:\\\/\\\/www.legroupemaurice.com\\\/en\\\/articles\\\/interview-with-joelle-beaulieu-general-manager-of-le-savignon\\\/#article\",\"isPartOf\":{\"@id\":\"https:\\\/\\\/www.legroupemaurice.com\\\/en\\\/articles\\\/interview-with-joelle-beaulieu-general-manager-of-le-savignon\\\/\"},\"author\":{\"name\":\"Annabel Sanz\",\"@id\":\"https:\\\/\\\/www.legroupemaurice.com\\\/en\\\/#\\\/schema\\\/person\\\/ca0a9660a44a52c8165b61f1300babd8\"},\"headline\":\"Interview with Jo\u00eblle Beaulieu, General Manager of Le Savignon\",\"datePublished\":\"2026-01-30T13:09:36+00:00\",\"mainEntityOfPage\":{\"@id\":\"https:\\\/\\\/www.legroupemaurice.com\\\/en\\\/articles\\\/interview-with-joelle-beaulieu-general-manager-of-le-savignon\\\/\"},\"wordCount\":1354,\"image\":{\"@id\":\"https:\\\/\\\/www.legroupemaurice.com\\\/en\\\/articles\\\/interview-with-joelle-beaulieu-general-manager-of-le-savignon\\\/#primaryimage\"},\"thumbnailUrl\":\"https:\\\/\\\/groupemaurice.tor1.digitaloceanspaces.com\\\/app\\\/uploads\\\/2026\\\/01\\\/SAV-2026-01-DG-Residence-Joelle-Beaulieu-Nouvelle-2420x1816-1.webp\",\"articleSection\":[\"Actualities\"],\"inLanguage\":\"en-CA\"},{\"@type\":\"WebPage\",\"@id\":\"https:\\\/\\\/www.legroupemaurice.com\\\/en\\\/articles\\\/interview-with-joelle-beaulieu-general-manager-of-le-savignon\\\/\",\"url\":\"https:\\\/\\\/www.legroupemaurice.com\\\/en\\\/articles\\\/interview-with-joelle-beaulieu-general-manager-of-le-savignon\\\/\",\"name\":\"Interview with Jo\u00eblle Beaulieu, General Manager of Le Savignon | Le Groupe Maurice\",\"isPartOf\":{\"@id\":\"https:\\\/\\\/www.legroupemaurice.com\\\/en\\\/#website\"},\"primaryImageOfPage\":{\"@id\":\"https:\\\/\\\/www.legroupemaurice.com\\\/en\\\/articles\\\/interview-with-joelle-beaulieu-general-manager-of-le-savignon\\\/#primaryimage\"},\"image\":{\"@id\":\"https:\\\/\\\/www.legroupemaurice.com\\\/en\\\/articles\\\/interview-with-joelle-beaulieu-general-manager-of-le-savignon\\\/#primaryimage\"},\"thumbnailUrl\":\"https:\\\/\\\/groupemaurice.tor1.digitaloceanspaces.com\\\/app\\\/uploads\\\/2026\\\/01\\\/SAV-2026-01-DG-Residence-Joelle-Beaulieu-Nouvelle-2420x1816-1.webp\",\"datePublished\":\"2026-01-30T13:09:36+00:00\",\"author\":{\"@id\":\"https:\\\/\\\/www.legroupemaurice.com\\\/en\\\/#\\\/schema\\\/person\\\/ca0a9660a44a52c8165b61f1300babd8\"},\"description\":\"Jo\u00eblle Beaulieu has held the position of general manager of Le Savignon residence in Montreal\u2019s Lachine district since December 2025.\",\"breadcrumb\":{\"@id\":\"https:\\\/\\\/www.legroupemaurice.com\\\/en\\\/articles\\\/interview-with-joelle-beaulieu-general-manager-of-le-savignon\\\/#breadcrumb\"},\"inLanguage\":\"en-CA\",\"potentialAction\":[{\"@type\":\"ReadAction\",\"target\":[\"https:\\\/\\\/www.legroupemaurice.com\\\/en\\\/articles\\\/interview-with-joelle-beaulieu-general-manager-of-le-savignon\\\/\"]}]},{\"@type\":\"ImageObject\",\"inLanguage\":\"en-CA\",\"@id\":\"https:\\\/\\\/www.legroupemaurice.com\\\/en\\\/articles\\\/interview-with-joelle-beaulieu-general-manager-of-le-savignon\\\/#primaryimage\",\"url\":\"https:\\\/\\\/groupemaurice.tor1.digitaloceanspaces.com\\\/app\\\/uploads\\\/2026\\\/01\\\/SAV-2026-01-DG-Residence-Joelle-Beaulieu-Nouvelle-2420x1816-1.webp\",\"contentUrl\":\"https:\\\/\\\/groupemaurice.tor1.digitaloceanspaces.com\\\/app\\\/uploads\\\/2026\\\/01\\\/SAV-2026-01-DG-Residence-Joelle-Beaulieu-Nouvelle-2420x1816-1.webp\",\"width\":2420,\"height\":1816,\"caption\":\"Entrevue avec Jo\u00eblle Beaulieu, directrice g\u00e9n\u00e9rale du Savignon - R\u00e9sidence pour personnes \u00e2g\u00e9es - Le Groupe Maurice\"},{\"@type\":\"BreadcrumbList\",\"@id\":\"https:\\\/\\\/www.legroupemaurice.com\\\/en\\\/articles\\\/interview-with-joelle-beaulieu-general-manager-of-le-savignon\\\/#breadcrumb\",\"itemListElement\":[{\"@type\":\"ListItem\",\"position\":1,\"name\":\"Home\",\"item\":\"https:\\\/\\\/www.legroupemaurice.com\\\/en\\\/\"},{\"@type\":\"ListItem\",\"position\":2,\"name\":\"Interview with Jo\u00eblle Beaulieu, General Manager of Le Savignon\"}]},{\"@type\":\"WebSite\",\"@id\":\"https:\\\/\\\/www.legroupemaurice.com\\\/en\\\/#website\",\"url\":\"https:\\\/\\\/www.legroupemaurice.com\\\/en\\\/\",\"name\":\"Le Groupe Maurice\",\"description\":\"\",\"potentialAction\":[{\"@type\":\"SearchAction\",\"target\":{\"@type\":\"EntryPoint\",\"urlTemplate\":\"https:\\\/\\\/www.legroupemaurice.com\\\/en\\\/?s={search_term_string}\"},\"query-input\":{\"@type\":\"PropertyValueSpecification\",\"valueRequired\":true,\"valueName\":\"search_term_string\"}}],\"inLanguage\":\"en-CA\"},{\"@type\":\"Person\",\"@id\":\"https:\\\/\\\/www.legroupemaurice.com\\\/en\\\/#\\\/schema\\\/person\\\/ca0a9660a44a52c8165b61f1300babd8\",\"name\":\"Annabel Sanz\",\"image\":{\"@type\":\"ImageObject\",\"inLanguage\":\"en-CA\",\"@id\":\"https:\\\/\\\/secure.gravatar.com\\\/avatar\\\/f9db70a58befdee05e44020ef3472f793ff85149953a6b516665ee5186912539?s=96&d=mm&r=g\",\"url\":\"https:\\\/\\\/secure.gravatar.com\\\/avatar\\\/f9db70a58befdee05e44020ef3472f793ff85149953a6b516665ee5186912539?s=96&d=mm&r=g\",\"contentUrl\":\"https:\\\/\\\/secure.gravatar.com\\\/avatar\\\/f9db70a58befdee05e44020ef3472f793ff85149953a6b516665ee5186912539?s=96&d=mm&r=g\",\"caption\":\"Annabel Sanz\"},\"url\":\"https:\\\/\\\/www.legroupemaurice.com\\\/en\\\/articles\\\/author\\\/asanz\\\/\"}]}<\/script>\n<!-- \/ Yoast SEO Premium plugin. -->","yoast_head_json":{"title":"Interview with Jo\u00eblle Beaulieu, General Manager of Le Savignon | Le Groupe Maurice","description":"Jo\u00eblle Beaulieu has held the position of general manager of Le Savignon residence in Montreal\u2019s Lachine district since December 2025.","robots":{"index":"index","follow":"follow","max-snippet":"max-snippet:-1","max-image-preview":"max-image-preview:large","max-video-preview":"max-video-preview:-1"},"canonical":"https:\/\/www.legroupemaurice.com\/en\/articles\/interview-with-joelle-beaulieu-general-manager-of-le-savignon\/","og_locale":"en_US","og_type":"article","og_title":"Interview with Jo\u00eblle Beaulieu, General Manager of Le Savignon","og_description":"Jo\u00eblle Beaulieu has held the position of general manager of Le Savignon residence in Montreal\u2019s Lachine district since December 2025.","og_url":"https:\/\/www.legroupemaurice.com\/en\/articles\/interview-with-joelle-beaulieu-general-manager-of-le-savignon\/","og_site_name":"Le Groupe Maurice","article_publisher":"https:\/\/www.facebook.com\/legroupemaurice\/","article_published_time":"2026-01-30T13:09:36+00:00","og_image":[{"width":2000,"height":1501,"url":"https:\/\/groupemaurice.tor1.digitaloceanspaces.com\/app\/uploads\/2026\/01\/SAV-2026-01-DG-Residence-Joelle-Beaulieu-Nouvelle-2420x1816-1-2000x1501.webp","type":"image\/webp"}],"author":"Annabel Sanz","twitter_card":"summary_large_image","twitter_misc":{"Written by":"Annabel Sanz","Est. reading time":"7 minutes"},"schema":{"@context":"https:\/\/schema.org","@graph":[{"@type":"Article","@id":"https:\/\/www.legroupemaurice.com\/en\/articles\/interview-with-joelle-beaulieu-general-manager-of-le-savignon\/#article","isPartOf":{"@id":"https:\/\/www.legroupemaurice.com\/en\/articles\/interview-with-joelle-beaulieu-general-manager-of-le-savignon\/"},"author":{"name":"Annabel Sanz","@id":"https:\/\/www.legroupemaurice.com\/en\/#\/schema\/person\/ca0a9660a44a52c8165b61f1300babd8"},"headline":"Interview with Jo\u00eblle Beaulieu, General Manager of Le Savignon","datePublished":"2026-01-30T13:09:36+00:00","mainEntityOfPage":{"@id":"https:\/\/www.legroupemaurice.com\/en\/articles\/interview-with-joelle-beaulieu-general-manager-of-le-savignon\/"},"wordCount":1354,"image":{"@id":"https:\/\/www.legroupemaurice.com\/en\/articles\/interview-with-joelle-beaulieu-general-manager-of-le-savignon\/#primaryimage"},"thumbnailUrl":"https:\/\/groupemaurice.tor1.digitaloceanspaces.com\/app\/uploads\/2026\/01\/SAV-2026-01-DG-Residence-Joelle-Beaulieu-Nouvelle-2420x1816-1.webp","articleSection":["Actualities"],"inLanguage":"en-CA"},{"@type":"WebPage","@id":"https:\/\/www.legroupemaurice.com\/en\/articles\/interview-with-joelle-beaulieu-general-manager-of-le-savignon\/","url":"https:\/\/www.legroupemaurice.com\/en\/articles\/interview-with-joelle-beaulieu-general-manager-of-le-savignon\/","name":"Interview with Jo\u00eblle Beaulieu, General Manager of Le Savignon | Le Groupe Maurice","isPartOf":{"@id":"https:\/\/www.legroupemaurice.com\/en\/#website"},"primaryImageOfPage":{"@id":"https:\/\/www.legroupemaurice.com\/en\/articles\/interview-with-joelle-beaulieu-general-manager-of-le-savignon\/#primaryimage"},"image":{"@id":"https:\/\/www.legroupemaurice.com\/en\/articles\/interview-with-joelle-beaulieu-general-manager-of-le-savignon\/#primaryimage"},"thumbnailUrl":"https:\/\/groupemaurice.tor1.digitaloceanspaces.com\/app\/uploads\/2026\/01\/SAV-2026-01-DG-Residence-Joelle-Beaulieu-Nouvelle-2420x1816-1.webp","datePublished":"2026-01-30T13:09:36+00:00","author":{"@id":"https:\/\/www.legroupemaurice.com\/en\/#\/schema\/person\/ca0a9660a44a52c8165b61f1300babd8"},"description":"Jo\u00eblle Beaulieu has held the position of general manager of Le Savignon residence in Montreal\u2019s Lachine district since December 2025.","breadcrumb":{"@id":"https:\/\/www.legroupemaurice.com\/en\/articles\/interview-with-joelle-beaulieu-general-manager-of-le-savignon\/#breadcrumb"},"inLanguage":"en-CA","potentialAction":[{"@type":"ReadAction","target":["https:\/\/www.legroupemaurice.com\/en\/articles\/interview-with-joelle-beaulieu-general-manager-of-le-savignon\/"]}]},{"@type":"ImageObject","inLanguage":"en-CA","@id":"https:\/\/www.legroupemaurice.com\/en\/articles\/interview-with-joelle-beaulieu-general-manager-of-le-savignon\/#primaryimage","url":"https:\/\/groupemaurice.tor1.digitaloceanspaces.com\/app\/uploads\/2026\/01\/SAV-2026-01-DG-Residence-Joelle-Beaulieu-Nouvelle-2420x1816-1.webp","contentUrl":"https:\/\/groupemaurice.tor1.digitaloceanspaces.com\/app\/uploads\/2026\/01\/SAV-2026-01-DG-Residence-Joelle-Beaulieu-Nouvelle-2420x1816-1.webp","width":2420,"height":1816,"caption":"Entrevue avec Jo\u00eblle Beaulieu, directrice g\u00e9n\u00e9rale du Savignon - R\u00e9sidence pour personnes \u00e2g\u00e9es - Le Groupe Maurice"},{"@type":"BreadcrumbList","@id":"https:\/\/www.legroupemaurice.com\/en\/articles\/interview-with-joelle-beaulieu-general-manager-of-le-savignon\/#breadcrumb","itemListElement":[{"@type":"ListItem","position":1,"name":"Home","item":"https:\/\/www.legroupemaurice.com\/en\/"},{"@type":"ListItem","position":2,"name":"Interview with Jo\u00eblle Beaulieu, General Manager of Le Savignon"}]},{"@type":"WebSite","@id":"https:\/\/www.legroupemaurice.com\/en\/#website","url":"https:\/\/www.legroupemaurice.com\/en\/","name":"Le Groupe Maurice","description":"","potentialAction":[{"@type":"SearchAction","target":{"@type":"EntryPoint","urlTemplate":"https:\/\/www.legroupemaurice.com\/en\/?s={search_term_string}"},"query-input":{"@type":"PropertyValueSpecification","valueRequired":true,"valueName":"search_term_string"}}],"inLanguage":"en-CA"},{"@type":"Person","@id":"https:\/\/www.legroupemaurice.com\/en\/#\/schema\/person\/ca0a9660a44a52c8165b61f1300babd8","name":"Annabel Sanz","image":{"@type":"ImageObject","inLanguage":"en-CA","@id":"https:\/\/secure.gravatar.com\/avatar\/f9db70a58befdee05e44020ef3472f793ff85149953a6b516665ee5186912539?s=96&d=mm&r=g","url":"https:\/\/secure.gravatar.com\/avatar\/f9db70a58befdee05e44020ef3472f793ff85149953a6b516665ee5186912539?s=96&d=mm&r=g","contentUrl":"https:\/\/secure.gravatar.com\/avatar\/f9db70a58befdee05e44020ef3472f793ff85149953a6b516665ee5186912539?s=96&d=mm&r=g","caption":"Annabel Sanz"},"url":"https:\/\/www.legroupemaurice.com\/en\/articles\/author\/asanz\/"}]}},"_links":{"self":[{"href":"https:\/\/www.legroupemaurice.com\/en\/wp-json\/wp\/v2\/posts\/34132","targetHints":{"allow":["GET"]}}],"collection":[{"href":"https:\/\/www.legroupemaurice.com\/en\/wp-json\/wp\/v2\/posts"}],"about":[{"href":"https:\/\/www.legroupemaurice.com\/en\/wp-json\/wp\/v2\/types\/post"}],"author":[{"embeddable":true,"href":"https:\/\/www.legroupemaurice.com\/en\/wp-json\/wp\/v2\/users\/2"}],"replies":[{"embeddable":true,"href":"https:\/\/www.legroupemaurice.com\/en\/wp-json\/wp\/v2\/comments?post=34132"}],"version-history":[{"count":1,"href":"https:\/\/www.legroupemaurice.com\/en\/wp-json\/wp\/v2\/posts\/34132\/revisions"}],"predecessor-version":[{"id":34135,"href":"https:\/\/www.legroupemaurice.com\/en\/wp-json\/wp\/v2\/posts\/34132\/revisions\/34135"}],"wp:featuredmedia":[{"embeddable":true,"href":"https:\/\/www.legroupemaurice.com\/en\/wp-json\/wp\/v2\/media\/34129"}],"wp:attachment":[{"href":"https:\/\/www.legroupemaurice.com\/en\/wp-json\/wp\/v2\/media?parent=34132"}],"wp:term":[{"taxonomy":"category","embeddable":true,"href":"https:\/\/www.legroupemaurice.com\/en\/wp-json\/wp\/v2\/categories?post=34132"},{"taxonomy":"post_tag","embeddable":true,"href":"https:\/\/www.legroupemaurice.com\/en\/wp-json\/wp\/v2\/tags?post=34132"}],"curies":[{"name":"wp","href":"https:\/\/api.w.org\/{rel}","templated":true}]}}